{"id":16771,"date":"2025-05-11T13:21:06","date_gmt":"2025-05-11T11:21:06","guid":{"rendered":"https:\/\/wgphoto.pl\/t\/?p=16771"},"modified":"2025-05-11T13:21:06","modified_gmt":"2025-05-11T11:21:06","slug":"pocztowka","status":"publish","type":"post","link":"https:\/\/wgphoto.pl\/t\/?p=16771","title":{"rendered":"Poczt\u00f3wka"},"content":{"rendered":"\n<figure class=\"wp-block-image aligncenter size-full\"><img loading=\"lazy\" decoding=\"async\" width=\"1400\" height=\"927\" src=\"https:\/\/wgphoto.pl\/t\/wp-content\/uploads\/2025\/05\/0710-23_rsn.jpg\" alt=\"\" class=\"wp-image-16772\" srcset=\"https:\/\/wgphoto.pl\/t\/wp-content\/uploads\/2025\/05\/0710-23_rsn.jpg 1400w, https:\/\/wgphoto.pl\/t\/wp-content\/uploads\/2025\/05\/0710-23_rsn-300x199.jpg 300w, https:\/\/wgphoto.pl\/t\/wp-content\/uploads\/2025\/05\/0710-23_rsn-768x509.jpg 768w\" sizes=\"auto, (max-width: 1400px) 100vw, 1400px\" \/><\/figure>\n\n\n\n<div class=\"wp-block-group has-global-padding is-layout-constrained wp-block-group-is-layout-constrained\">\n<p>16T 3007 na mo\u015bcie Uniwersyteckim we Wroc\u0142awiu. Rzadko kiedy udaje si\u0119 uzyska\u0107 w ruchu miejskim tak czysty kadr, a dodatkowo \u015bwiate\u0142ko zagra\u0142o. 11.05.2007<\/p>\n<\/div>\n","protected":false},"excerpt":{"rendered":"<p>16T 3007 na mo\u015bcie Uniwersyteckim we Wroc\u0142awiu. Rzadko kiedy udaje si\u0119 uzyska\u0107 w ruchu miejskim tak czysty kadr, a dodatkowo \u015bwiate\u0142ko zagra\u0142o. 11.05.2007<\/p>\n","protected":false},"author":1,"featured_media":16772,"comment_status":"open","ping_status":"","sticky":false,"template":"","format":"standard","meta":{"footnotes":""},"categories":[62,96,3],"tags":[3756,34,42,162,27,215,216,41],"class_list":["post-16771","post","type-post","status-publish","format-standard","has-post-thumbnail","hentry","category-analog","category-rok-2007","category-tramwaj","tag-2007-05-11","tag-architektura","tag-mpk-wroclaw","tag-niebo","tag-polska","tag-skoda-16t","tag-skoda-elektra","tag-wroclaw"],"_links":{"self":[{"href":"https:\/\/wgphoto.pl\/t\/index.php?rest_route=\/wp\/v2\/posts\/16771","targetHints":{"allow":["GET"]}}],"collection":[{"href":"https:\/\/wgphoto.pl\/t\/index.php?rest_route=\/wp\/v2\/posts"}],"about":[{"href":"https:\/\/wgphoto.pl\/t\/index.php?rest_route=\/wp\/v2\/types\/post"}],"author":[{"embeddable":true,"href":"https:\/\/wgphoto.pl\/t\/index.php?rest_route=\/wp\/v2\/users\/1"}],"replies":[{"embeddable":true,"href":"https:\/\/wgphoto.pl\/t\/index.php?rest_route=%2Fwp%2Fv2%2Fcomments&post=16771"}],"version-history":[{"count":1,"href":"https:\/\/wgphoto.pl\/t\/index.php?rest_route=\/wp\/v2\/posts\/16771\/revisions"}],"predecessor-version":[{"id":16773,"href":"https:\/\/wgphoto.pl\/t\/index.php?rest_route=\/wp\/v2\/posts\/16771\/revisions\/16773"}],"wp:featuredmedia":[{"embeddable":true,"href":"https:\/\/wgphoto.pl\/t\/index.php?rest_route=\/wp\/v2\/media\/16772"}],"wp:attachment":[{"href":"https:\/\/wgphoto.pl\/t\/index.php?rest_route=%2Fwp%2Fv2%2Fmedia&parent=16771"}],"wp:term":[{"taxonomy":"category","embeddable":true,"href":"https:\/\/wgphoto.pl\/t\/index.php?rest_route=%2Fwp%2Fv2%2Fcategories&post=16771"},{"taxonomy":"post_tag","embeddable":true,"href":"https:\/\/wgphoto.pl\/t\/index.php?rest_route=%2Fwp%2Fv2%2Ftags&post=16771"}],"curies":[{"name":"wp","href":"https:\/\/api.w.org\/{rel}","templated":true}]}}