{"id":16774,"date":"2025-05-11T13:21:55","date_gmt":"2025-05-11T11:21:55","guid":{"rendered":"https:\/\/wgphoto.pl\/t\/?p=16774"},"modified":"2025-05-11T13:21:55","modified_gmt":"2025-05-11T11:21:55","slug":"ostatnie-promienie","status":"publish","type":"post","link":"https:\/\/wgphoto.pl\/t\/?p=16774","title":{"rendered":"Ostatnie promienie"},"content":{"rendered":"\n<figure class=\"wp-block-image aligncenter size-full\"><img loading=\"lazy\" decoding=\"async\" width=\"1400\" height=\"1003\" src=\"https:\/\/wgphoto.pl\/t\/wp-content\/uploads\/2025\/05\/IMGP4802.jpg\" alt=\"\" class=\"wp-image-16775\" srcset=\"https:\/\/wgphoto.pl\/t\/wp-content\/uploads\/2025\/05\/IMGP4802.jpg 1400w, https:\/\/wgphoto.pl\/t\/wp-content\/uploads\/2025\/05\/IMGP4802-300x215.jpg 300w, https:\/\/wgphoto.pl\/t\/wp-content\/uploads\/2025\/05\/IMGP4802-768x550.jpg 768w\" sizes=\"auto, (max-width: 1400px) 100vw, 1400px\" \/><\/figure>\n\n\n\n<div class=\"wp-block-group has-global-padding is-layout-constrained wp-block-group-is-layout-constrained\">\n<p>Zestaw Bombardier\u00f3w na linii Tv\u00e4rbanan \u0142apie ostatnie promienie s\u0142o\u0144ca zje\u017cd\u017cj\u0105c dosy\u0107 efektownie z w\u0119z\u0142a Gullmarsplan w stron\u0119 przystanku M\u00e5rtensdal w Sztokholmie. 26.09.2021<\/p>\n<\/div>\n","protected":false},"excerpt":{"rendered":"<p>Zestaw Bombardier\u00f3w na linii Tv\u00e4rbanan \u0142apie ostatnie promienie s\u0142o\u0144ca zje\u017cd\u017cj\u0105c dosy\u0107 efektownie z w\u0119z\u0142a Gullmarsplan w stron\u0119 przystanku M\u00e5rtensdal w Sztokholmie. 26.09.2021<\/p>\n","protected":false},"author":1,"featured_media":16775,"comment_status":"open","ping_status":"","sticky":false,"template":"","format":"standard","meta":{"footnotes":""},"categories":[681,3],"tags":[2117,683,143,682,181,686,685,687,688],"class_list":["post-16774","post","type-post","status-publish","format-standard","has-post-thumbnail","hentry","category-rok-2021","category-tramwaj","tag-2021-09-26","tag-bombardier-flexity-swift","tag-ponad-30m","tag-sl-stockholm","tag-slonce","tag-sztokholm","tag-szwecja","tag-szwecja-2021","tag-tvarbanan"],"_links":{"self":[{"href":"https:\/\/wgphoto.pl\/t\/index.php?rest_route=\/wp\/v2\/posts\/16774","targetHints":{"allow":["GET"]}}],"collection":[{"href":"https:\/\/wgphoto.pl\/t\/index.php?rest_route=\/wp\/v2\/posts"}],"about":[{"href":"https:\/\/wgphoto.pl\/t\/index.php?rest_route=\/wp\/v2\/types\/post"}],"author":[{"embeddable":true,"href":"https:\/\/wgphoto.pl\/t\/index.php?rest_route=\/wp\/v2\/users\/1"}],"replies":[{"embeddable":true,"href":"https:\/\/wgphoto.pl\/t\/index.php?rest_route=%2Fwp%2Fv2%2Fcomments&post=16774"}],"version-history":[{"count":1,"href":"https:\/\/wgphoto.pl\/t\/index.php?rest_route=\/wp\/v2\/posts\/16774\/revisions"}],"predecessor-version":[{"id":16776,"href":"https:\/\/wgphoto.pl\/t\/index.php?rest_route=\/wp\/v2\/posts\/16774\/revisions\/16776"}],"wp:featuredmedia":[{"embeddable":true,"href":"https:\/\/wgphoto.pl\/t\/index.php?rest_route=\/wp\/v2\/media\/16775"}],"wp:attachment":[{"href":"https:\/\/wgphoto.pl\/t\/index.php?rest_route=%2Fwp%2Fv2%2Fmedia&parent=16774"}],"wp:term":[{"taxonomy":"category","embeddable":true,"href":"https:\/\/wgphoto.pl\/t\/index.php?rest_route=%2Fwp%2Fv2%2Fcategories&post=16774"},{"taxonomy":"post_tag","embeddable":true,"href":"https:\/\/wgphoto.pl\/t\/index.php?rest_route=%2Fwp%2Fv2%2Ftags&post=16774"}],"curies":[{"name":"wp","href":"https:\/\/api.w.org\/{rel}","templated":true}]}}