{"id":16780,"date":"2025-05-11T15:11:23","date_gmt":"2025-05-11T13:11:23","guid":{"rendered":"https:\/\/wgphoto.pl\/t\/?p=16780"},"modified":"2025-05-11T15:11:23","modified_gmt":"2025-05-11T13:11:23","slug":"geometria-z-wysokosci-wypada-gorzej","status":"publish","type":"post","link":"https:\/\/wgphoto.pl\/t\/?p=16780","title":{"rendered":"Geometria z wysoko\u015bci wypada gorzej"},"content":{"rendered":"\n<figure class=\"wp-block-image aligncenter size-full\"><img loading=\"lazy\" decoding=\"async\" width=\"1200\" height=\"803\" src=\"https:\/\/wgphoto.pl\/t\/wp-content\/uploads\/2025\/05\/IMGP5202.jpg\" alt=\"\" class=\"wp-image-16781\" srcset=\"https:\/\/wgphoto.pl\/t\/wp-content\/uploads\/2025\/05\/IMGP5202.jpg 1200w, https:\/\/wgphoto.pl\/t\/wp-content\/uploads\/2025\/05\/IMGP5202-300x201.jpg 300w, https:\/\/wgphoto.pl\/t\/wp-content\/uploads\/2025\/05\/IMGP5202-768x514.jpg 768w\" sizes=\"auto, (max-width: 1200px) 100vw, 1200px\" \/><\/figure>\n\n\n\n<div class=\"wp-block-group has-global-padding is-layout-constrained wp-block-group-is-layout-constrained\">\n<p>Sk\u0142ad EN57-1938+1937 min\u0105\u0142 semafor wjazdowy do Podg Grabiszyn jad\u0105c jako, o ile pami\u0119tam, poci\u0105g specjalny z Wroc\u0142awia do Kostrzyna. Liczy\u0142em na &#8222;tr\u00f3jkibla&#8221;, a przyjecha\u0142 zestaw podw\u00f3jny, ale za to kwadratowy. Z takiej odleg\u0142o\u015bci wyj\u0105tkowy prz\u00f3d jednostki nie rzuca si\u0119 jednak w oczy. 29.07.2010<\/p>\n<\/div>\n","protected":false},"excerpt":{"rendered":"<p>Sk\u0142ad EN57-1938+1937 min\u0105\u0142 semafor wjazdowy do Podg Grabiszyn jad\u0105c jako, o ile pami\u0119tam, poci\u0105g specjalny z Wroc\u0142awia do Kostrzyna. Liczy\u0142em na &#8222;tr\u00f3jkibla&#8221;, a przyjecha\u0142 zestaw podw\u00f3jny, ale za to kwadratowy. Z takiej odleg\u0142o\u015bci wyj\u0105tkowy prz\u00f3d jednostki nie rzuca si\u0119 jednak w oczy. 29.07.2010<\/p>\n","protected":false},"author":1,"featured_media":16781,"comment_status":"open","ping_status":"","sticky":false,"template":"","format":"standard","meta":{"footnotes":""},"categories":[2,86],"tags":[3758,132,113,63,1544,27,1024,41],"class_list":["post-16780","post","type-post","status-publish","format-standard","has-post-thumbnail","hentry","category-kolej","category-rok-2010","tag-2010-07-29","tag-en57","tag-landszaft","tag-pkp","tag-podg-grabiszyn","tag-polska","tag-tab-pl265","tag-wroclaw"],"_links":{"self":[{"href":"https:\/\/wgphoto.pl\/t\/index.php?rest_route=\/wp\/v2\/posts\/16780","targetHints":{"allow":["GET"]}}],"collection":[{"href":"https:\/\/wgphoto.pl\/t\/index.php?rest_route=\/wp\/v2\/posts"}],"about":[{"href":"https:\/\/wgphoto.pl\/t\/index.php?rest_route=\/wp\/v2\/types\/post"}],"author":[{"embeddable":true,"href":"https:\/\/wgphoto.pl\/t\/index.php?rest_route=\/wp\/v2\/users\/1"}],"replies":[{"embeddable":true,"href":"https:\/\/wgphoto.pl\/t\/index.php?rest_route=%2Fwp%2Fv2%2Fcomments&post=16780"}],"version-history":[{"count":1,"href":"https:\/\/wgphoto.pl\/t\/index.php?rest_route=\/wp\/v2\/posts\/16780\/revisions"}],"predecessor-version":[{"id":16782,"href":"https:\/\/wgphoto.pl\/t\/index.php?rest_route=\/wp\/v2\/posts\/16780\/revisions\/16782"}],"wp:featuredmedia":[{"embeddable":true,"href":"https:\/\/wgphoto.pl\/t\/index.php?rest_route=\/wp\/v2\/media\/16781"}],"wp:attachment":[{"href":"https:\/\/wgphoto.pl\/t\/index.php?rest_route=%2Fwp%2Fv2%2Fmedia&parent=16780"}],"wp:term":[{"taxonomy":"category","embeddable":true,"href":"https:\/\/wgphoto.pl\/t\/index.php?rest_route=%2Fwp%2Fv2%2Fcategories&post=16780"},{"taxonomy":"post_tag","embeddable":true,"href":"https:\/\/wgphoto.pl\/t\/index.php?rest_route=%2Fwp%2Fv2%2Ftags&post=16780"}],"curies":[{"name":"wp","href":"https:\/\/api.w.org\/{rel}","templated":true}]}}