{"id":16783,"date":"2025-05-11T15:12:11","date_gmt":"2025-05-11T13:12:11","guid":{"rendered":"https:\/\/wgphoto.pl\/t\/?p=16783"},"modified":"2025-05-11T15:12:11","modified_gmt":"2025-05-11T13:12:11","slug":"lopek-w-chojnicach","status":"publish","type":"post","link":"https:\/\/wgphoto.pl\/t\/?p=16783","title":{"rendered":"Lopek w Chojnicach"},"content":{"rendered":"\n<figure class=\"wp-block-image aligncenter size-full\"><img loading=\"lazy\" decoding=\"async\" width=\"1200\" height=\"800\" src=\"https:\/\/wgphoto.pl\/t\/wp-content\/uploads\/2025\/05\/0324-02.jpg\" alt=\"\" class=\"wp-image-16784\" srcset=\"https:\/\/wgphoto.pl\/t\/wp-content\/uploads\/2025\/05\/0324-02.jpg 1200w, https:\/\/wgphoto.pl\/t\/wp-content\/uploads\/2025\/05\/0324-02-300x200.jpg 300w, https:\/\/wgphoto.pl\/t\/wp-content\/uploads\/2025\/05\/0324-02-768x512.jpg 768w\" sizes=\"auto, (max-width: 1200px) 100vw, 1200px\" \/><\/figure>\n\n\n\n<div class=\"wp-block-group has-global-padding is-layout-constrained wp-block-group-is-layout-constrained\">\n<p>Lopek ze Szczecina do Zaj\u0105czkowa Tczewskiego, prowadzony szczecineck\u0105 ST44-747, mija tarcz\u0119 ostrzegawcz\u0105 do semafora wjazdowego do Chojnic. 20.07.2003<\/p>\n<\/div>\n","protected":false},"excerpt":{"rendered":"<p>Lopek ze Szczecina do Zaj\u0105czkowa Tczewskiego, prowadzony szczecineck\u0105 ST44-747, mija tarcz\u0119 ostrzegawcz\u0105 do semafora wjazdowego do Chojnic. 20.07.2003<\/p>\n","protected":false},"author":1,"featured_media":16784,"comment_status":"open","ping_status":"","sticky":false,"template":"","format":"standard","meta":{"footnotes":""},"categories":[62,2,149],"tags":[983,3759,63,27,176,530,3760],"class_list":["post-16783","post","type-post","status-publish","format-standard","has-post-thumbnail","hentry","category-analog","category-kolej","category-rok-2003","tag-2003-07-20","tag-chojnice","tag-pkp","tag-polska","tag-rano","tag-st44","tag-tab-pl385"],"_links":{"self":[{"href":"https:\/\/wgphoto.pl\/t\/index.php?rest_route=\/wp\/v2\/posts\/16783","targetHints":{"allow":["GET"]}}],"collection":[{"href":"https:\/\/wgphoto.pl\/t\/index.php?rest_route=\/wp\/v2\/posts"}],"about":[{"href":"https:\/\/wgphoto.pl\/t\/index.php?rest_route=\/wp\/v2\/types\/post"}],"author":[{"embeddable":true,"href":"https:\/\/wgphoto.pl\/t\/index.php?rest_route=\/wp\/v2\/users\/1"}],"replies":[{"embeddable":true,"href":"https:\/\/wgphoto.pl\/t\/index.php?rest_route=%2Fwp%2Fv2%2Fcomments&post=16783"}],"version-history":[{"count":1,"href":"https:\/\/wgphoto.pl\/t\/index.php?rest_route=\/wp\/v2\/posts\/16783\/revisions"}],"predecessor-version":[{"id":16785,"href":"https:\/\/wgphoto.pl\/t\/index.php?rest_route=\/wp\/v2\/posts\/16783\/revisions\/16785"}],"wp:featuredmedia":[{"embeddable":true,"href":"https:\/\/wgphoto.pl\/t\/index.php?rest_route=\/wp\/v2\/media\/16784"}],"wp:attachment":[{"href":"https:\/\/wgphoto.pl\/t\/index.php?rest_route=%2Fwp%2Fv2%2Fmedia&parent=16783"}],"wp:term":[{"taxonomy":"category","embeddable":true,"href":"https:\/\/wgphoto.pl\/t\/index.php?rest_route=%2Fwp%2Fv2%2Fcategories&post=16783"},{"taxonomy":"post_tag","embeddable":true,"href":"https:\/\/wgphoto.pl\/t\/index.php?rest_route=%2Fwp%2Fv2%2Ftags&post=16783"}],"curies":[{"name":"wp","href":"https:\/\/api.w.org\/{rel}","templated":true}]}}