{"id":16786,"date":"2025-05-11T15:13:05","date_gmt":"2025-05-11T13:13:05","guid":{"rendered":"https:\/\/wgphoto.pl\/t\/?p=16786"},"modified":"2025-05-11T15:13:05","modified_gmt":"2025-05-11T13:13:05","slug":"lopek-w-czersku","status":"publish","type":"post","link":"https:\/\/wgphoto.pl\/t\/?p=16786","title":{"rendered":"Lopek w Czersku"},"content":{"rendered":"\n<figure class=\"wp-block-image aligncenter size-full\"><img loading=\"lazy\" decoding=\"async\" width=\"1200\" height=\"800\" src=\"https:\/\/wgphoto.pl\/t\/wp-content\/uploads\/2025\/05\/0324-09.jpg\" alt=\"\" class=\"wp-image-16787\" srcset=\"https:\/\/wgphoto.pl\/t\/wp-content\/uploads\/2025\/05\/0324-09.jpg 1200w, https:\/\/wgphoto.pl\/t\/wp-content\/uploads\/2025\/05\/0324-09-300x200.jpg 300w, https:\/\/wgphoto.pl\/t\/wp-content\/uploads\/2025\/05\/0324-09-768x512.jpg 768w\" sizes=\"auto, (max-width: 1200px) 100vw, 1200px\" \/><\/figure>\n\n\n\n<div class=\"wp-block-group has-global-padding is-layout-constrained wp-block-group-is-layout-constrained\">\n<p>Poci\u0105g z poprzedniego zdj\u0119cia kilka godzin p\u00f3\u017aniej, po zmianie obs\u0142ugi trakcyjnej na chojnicki duet ST44-1105 i SU45-256 (druga maszyna jedzie jako podsy\u0142), wyje\u017cd\u017ca z Czerska. 20.07.2003<\/p>\n<\/div>\n","protected":false},"excerpt":{"rendered":"<p>Poci\u0105g z poprzedniego zdj\u0119cia kilka godzin p\u00f3\u017aniej, po zmianie obs\u0142ugi trakcyjnej na chojnicki duet ST44-1105 i SU45-256 (druga maszyna jedzie jako podsy\u0142), wyje\u017cd\u017ca z Czerska. 20.07.2003<\/p>\n","protected":false},"author":1,"featured_media":16787,"comment_status":"open","ping_status":"","sticky":false,"template":"","format":"standard","meta":{"footnotes":""},"categories":[62,2,149],"tags":[983,1478,595,63,27,530,53,887],"class_list":["post-16786","post","type-post","status-publish","format-standard","has-post-thumbnail","hentry","category-analog","category-kolej","category-rok-2003","tag-2003-07-20","tag-czersk","tag-ostbahn","tag-pkp","tag-polska","tag-st44","tag-sygnalizacja-ksztaltowa","tag-tab-pl426"],"_links":{"self":[{"href":"https:\/\/wgphoto.pl\/t\/index.php?rest_route=\/wp\/v2\/posts\/16786","targetHints":{"allow":["GET"]}}],"collection":[{"href":"https:\/\/wgphoto.pl\/t\/index.php?rest_route=\/wp\/v2\/posts"}],"about":[{"href":"https:\/\/wgphoto.pl\/t\/index.php?rest_route=\/wp\/v2\/types\/post"}],"author":[{"embeddable":true,"href":"https:\/\/wgphoto.pl\/t\/index.php?rest_route=\/wp\/v2\/users\/1"}],"replies":[{"embeddable":true,"href":"https:\/\/wgphoto.pl\/t\/index.php?rest_route=%2Fwp%2Fv2%2Fcomments&post=16786"}],"version-history":[{"count":1,"href":"https:\/\/wgphoto.pl\/t\/index.php?rest_route=\/wp\/v2\/posts\/16786\/revisions"}],"predecessor-version":[{"id":16788,"href":"https:\/\/wgphoto.pl\/t\/index.php?rest_route=\/wp\/v2\/posts\/16786\/revisions\/16788"}],"wp:featuredmedia":[{"embeddable":true,"href":"https:\/\/wgphoto.pl\/t\/index.php?rest_route=\/wp\/v2\/media\/16787"}],"wp:attachment":[{"href":"https:\/\/wgphoto.pl\/t\/index.php?rest_route=%2Fwp%2Fv2%2Fmedia&parent=16786"}],"wp:term":[{"taxonomy":"category","embeddable":true,"href":"https:\/\/wgphoto.pl\/t\/index.php?rest_route=%2Fwp%2Fv2%2Fcategories&post=16786"},{"taxonomy":"post_tag","embeddable":true,"href":"https:\/\/wgphoto.pl\/t\/index.php?rest_route=%2Fwp%2Fv2%2Ftags&post=16786"}],"curies":[{"name":"wp","href":"https:\/\/api.w.org\/{rel}","templated":true}]}}