{"id":16801,"date":"2025-05-11T15:17:38","date_gmt":"2025-05-11T13:17:38","guid":{"rendered":"https:\/\/wgphoto.pl\/t\/?p=16801"},"modified":"2025-10-12T14:35:27","modified_gmt":"2025-10-12T12:35:27","slug":"barwy-jesieni-3","status":"publish","type":"post","link":"https:\/\/wgphoto.pl\/t\/?p=16801","title":{"rendered":"Barwy jesieni"},"content":{"rendered":"\n<figure class=\"wp-block-image aligncenter size-full\"><img loading=\"lazy\" decoding=\"async\" width=\"1400\" height=\"903\" src=\"https:\/\/wgphoto.pl\/t\/wp-content\/uploads\/2025\/05\/0736-21_rsn.jpg\" alt=\"\" class=\"wp-image-22146\" srcset=\"https:\/\/wgphoto.pl\/t\/wp-content\/uploads\/2025\/05\/0736-21_rsn.jpg 1400w, https:\/\/wgphoto.pl\/t\/wp-content\/uploads\/2025\/05\/0736-21_rsn-300x194.jpg 300w, https:\/\/wgphoto.pl\/t\/wp-content\/uploads\/2025\/05\/0736-21_rsn-768x495.jpg 768w\" sizes=\"auto, (max-width: 1400px) 100vw, 1400px\" \/><\/figure>\n\n\n\n<div class=\"wp-block-group has-global-padding is-layout-constrained wp-block-group-is-layout-constrained\">\n<p>Motorak w barwach jesieni w drodze z Lubawki do Zgorzelca wyje\u017cd\u017ca z Lw\u00f3wka \u015al\u0105skiego. W tle po lewej dostrzec mo\u017cna krat\u0119 mostu przez B\u00f3br na linii do Jerzmanic-Zdroju. 27.10.2007<\/p>\n<\/div>\n","protected":false},"excerpt":{"rendered":"<p>Motorak w barwach jesieni w drodze z Lubawki do Zgorzelca wyje\u017cd\u017ca z Lw\u00f3wka \u015al\u0105skiego. W tle po lewej dostrzec mo\u017cna krat\u0119 mostu przez B\u00f3br na linii do Jerzmanic-Zdroju. 27.10.2007<\/p>\n","protected":false},"author":1,"featured_media":22146,"comment_status":"open","ping_status":"","sticky":false,"template":"","format":"standard","meta":{"footnotes":""},"categories":[62,2,96],"tags":[782,92,249,933,126,2094,27,363,783],"class_list":["post-16801","post","type-post","status-publish","format-standard","has-post-thumbnail","hentry","category-analog","category-kolej","category-rok-2007","tag-2007-10-27","tag-92","tag-goscinne-wystepy","tag-gwtr","tag-jesien","tag-lwowek-slaski","tag-polska","tag-tab-pl250","tag-viamont"],"_links":{"self":[{"href":"https:\/\/wgphoto.pl\/t\/index.php?rest_route=\/wp\/v2\/posts\/16801","targetHints":{"allow":["GET"]}}],"collection":[{"href":"https:\/\/wgphoto.pl\/t\/index.php?rest_route=\/wp\/v2\/posts"}],"about":[{"href":"https:\/\/wgphoto.pl\/t\/index.php?rest_route=\/wp\/v2\/types\/post"}],"author":[{"embeddable":true,"href":"https:\/\/wgphoto.pl\/t\/index.php?rest_route=\/wp\/v2\/users\/1"}],"replies":[{"embeddable":true,"href":"https:\/\/wgphoto.pl\/t\/index.php?rest_route=%2Fwp%2Fv2%2Fcomments&post=16801"}],"version-history":[{"count":2,"href":"https:\/\/wgphoto.pl\/t\/index.php?rest_route=\/wp\/v2\/posts\/16801\/revisions"}],"predecessor-version":[{"id":22147,"href":"https:\/\/wgphoto.pl\/t\/index.php?rest_route=\/wp\/v2\/posts\/16801\/revisions\/22147"}],"wp:featuredmedia":[{"embeddable":true,"href":"https:\/\/wgphoto.pl\/t\/index.php?rest_route=\/wp\/v2\/media\/22146"}],"wp:attachment":[{"href":"https:\/\/wgphoto.pl\/t\/index.php?rest_route=%2Fwp%2Fv2%2Fmedia&parent=16801"}],"wp:term":[{"taxonomy":"category","embeddable":true,"href":"https:\/\/wgphoto.pl\/t\/index.php?rest_route=%2Fwp%2Fv2%2Fcategories&post=16801"},{"taxonomy":"post_tag","embeddable":true,"href":"https:\/\/wgphoto.pl\/t\/index.php?rest_route=%2Fwp%2Fv2%2Ftags&post=16801"}],"curies":[{"name":"wp","href":"https:\/\/api.w.org\/{rel}","templated":true}]}}