{"id":16807,"date":"2025-05-11T15:19:49","date_gmt":"2025-05-11T13:19:49","guid":{"rendered":"https:\/\/wgphoto.pl\/t\/?p=16807"},"modified":"2025-05-11T15:19:49","modified_gmt":"2025-05-11T13:19:49","slug":"su46-026-wlen","status":"publish","type":"post","link":"https:\/\/wgphoto.pl\/t\/?p=16807","title":{"rendered":"SU46-026, Wle\u0144"},"content":{"rendered":"\n<figure class=\"wp-block-image aligncenter size-full\"><img loading=\"lazy\" decoding=\"async\" width=\"1200\" height=\"800\" src=\"https:\/\/wgphoto.pl\/t\/wp-content\/uploads\/2025\/05\/0530-15.jpg\" alt=\"\" class=\"wp-image-16808\" srcset=\"https:\/\/wgphoto.pl\/t\/wp-content\/uploads\/2025\/05\/0530-15.jpg 1200w, https:\/\/wgphoto.pl\/t\/wp-content\/uploads\/2025\/05\/0530-15-300x200.jpg 300w, https:\/\/wgphoto.pl\/t\/wp-content\/uploads\/2025\/05\/0530-15-768x512.jpg 768w\" sizes=\"auto, (max-width: 1200px) 100vw, 1200px\" \/><\/figure>\n\n\n\n<div class=\"wp-block-group has-global-padding is-layout-constrained wp-block-group-is-layout-constrained\">\n<p>Kolejny tego dnia sk\u0142ad za\u0142adowany kamieniem czeka na krzy\u017cowanie we Wleniu. 18.10.2005<\/p>\n<\/div>\n","protected":false},"excerpt":{"rendered":"<p>Kolejny tego dnia sk\u0142ad za\u0142adowany kamieniem czeka na krzy\u017cowanie we Wleniu. 18.10.2005<\/p>\n","protected":false},"author":1,"featured_media":16808,"comment_status":"open","ping_status":"","sticky":false,"template":"","format":"standard","meta":{"footnotes":""},"categories":[62,2,311],"tags":[364,126,63,27,84,363,1393],"class_list":["post-16807","post","type-post","status-publish","format-standard","has-post-thumbnail","hentry","category-analog","category-kolej","category-rok-2005","tag-2005-10-18","tag-jesien","tag-pkp","tag-polska","tag-su46","tag-tab-pl250","tag-wlen"],"_links":{"self":[{"href":"https:\/\/wgphoto.pl\/t\/index.php?rest_route=\/wp\/v2\/posts\/16807","targetHints":{"allow":["GET"]}}],"collection":[{"href":"https:\/\/wgphoto.pl\/t\/index.php?rest_route=\/wp\/v2\/posts"}],"about":[{"href":"https:\/\/wgphoto.pl\/t\/index.php?rest_route=\/wp\/v2\/types\/post"}],"author":[{"embeddable":true,"href":"https:\/\/wgphoto.pl\/t\/index.php?rest_route=\/wp\/v2\/users\/1"}],"replies":[{"embeddable":true,"href":"https:\/\/wgphoto.pl\/t\/index.php?rest_route=%2Fwp%2Fv2%2Fcomments&post=16807"}],"version-history":[{"count":1,"href":"https:\/\/wgphoto.pl\/t\/index.php?rest_route=\/wp\/v2\/posts\/16807\/revisions"}],"predecessor-version":[{"id":16809,"href":"https:\/\/wgphoto.pl\/t\/index.php?rest_route=\/wp\/v2\/posts\/16807\/revisions\/16809"}],"wp:featuredmedia":[{"embeddable":true,"href":"https:\/\/wgphoto.pl\/t\/index.php?rest_route=\/wp\/v2\/media\/16808"}],"wp:attachment":[{"href":"https:\/\/wgphoto.pl\/t\/index.php?rest_route=%2Fwp%2Fv2%2Fmedia&parent=16807"}],"wp:term":[{"taxonomy":"category","embeddable":true,"href":"https:\/\/wgphoto.pl\/t\/index.php?rest_route=%2Fwp%2Fv2%2Fcategories&post=16807"},{"taxonomy":"post_tag","embeddable":true,"href":"https:\/\/wgphoto.pl\/t\/index.php?rest_route=%2Fwp%2Fv2%2Ftags&post=16807"}],"curies":[{"name":"wp","href":"https:\/\/api.w.org\/{rel}","templated":true}]}}