{"id":16813,"date":"2025-05-11T15:22:33","date_gmt":"2025-05-11T13:22:33","guid":{"rendered":"https:\/\/wgphoto.pl\/t\/?p=16813"},"modified":"2025-05-11T15:23:52","modified_gmt":"2025-05-11T13:23:52","slug":"czerwony-4","status":"publish","type":"post","link":"https:\/\/wgphoto.pl\/t\/?p=16813","title":{"rendered":"Analogowy wiecz\u00f3r"},"content":{"rendered":"\n<figure class=\"wp-block-image aligncenter size-full\"><img loading=\"lazy\" decoding=\"async\" width=\"1200\" height=\"800\" src=\"https:\/\/wgphoto.pl\/t\/wp-content\/uploads\/2025\/05\/0520-28.jpg\" alt=\"\" class=\"wp-image-16818\" srcset=\"https:\/\/wgphoto.pl\/t\/wp-content\/uploads\/2025\/05\/0520-28.jpg 1200w, https:\/\/wgphoto.pl\/t\/wp-content\/uploads\/2025\/05\/0520-28-300x200.jpg 300w, https:\/\/wgphoto.pl\/t\/wp-content\/uploads\/2025\/05\/0520-28-768x512.jpg 768w\" sizes=\"auto, (max-width: 1200px) 100vw, 1200px\" \/><\/figure>\n\n\n\n<div class=\"wp-block-group has-global-padding is-layout-constrained wp-block-group-is-layout-constrained\">\n<p>Gdynia G\u0142\u00f3wna. EP07-522 z Zak\u0142adu Taboru w Szczecinie sko\u0144czy\u0142a bieg z poci\u0105giem pospiesznym 85104 &#8222;Albatros&#8221; ze Szczecina G\u0142\u00f3wnego. 29.07.2005<\/p>\n<\/div>\n","protected":false},"excerpt":{"rendered":"<p>Gdynia G\u0142\u00f3wna. EP07-522 z Zak\u0142adu Taboru w Szczecinie sko\u0144czy\u0142a bieg z poci\u0105giem pospiesznym 85104 &#8222;Albatros&#8221; ze Szczecina G\u0142\u00f3wnego. 29.07.2005<\/p>\n","protected":false},"author":1,"featured_media":16818,"comment_status":"open","ping_status":"","sticky":false,"template":"","format":"standard","meta":{"footnotes":""},"categories":[62,2,311],"tags":[1094,122,150,154,63,27,90],"class_list":["post-16813","post","type-post","status-publish","format-standard","has-post-thumbnail","hentry","category-analog","category-kolej","category-rok-2005","tag-2005-07-29","tag-eu07","tag-gdynia-glowna","tag-noc","tag-pkp","tag-polska","tag-wieczorem"],"_links":{"self":[{"href":"https:\/\/wgphoto.pl\/t\/index.php?rest_route=\/wp\/v2\/posts\/16813","targetHints":{"allow":["GET"]}}],"collection":[{"href":"https:\/\/wgphoto.pl\/t\/index.php?rest_route=\/wp\/v2\/posts"}],"about":[{"href":"https:\/\/wgphoto.pl\/t\/index.php?rest_route=\/wp\/v2\/types\/post"}],"author":[{"embeddable":true,"href":"https:\/\/wgphoto.pl\/t\/index.php?rest_route=\/wp\/v2\/users\/1"}],"replies":[{"embeddable":true,"href":"https:\/\/wgphoto.pl\/t\/index.php?rest_route=%2Fwp%2Fv2%2Fcomments&post=16813"}],"version-history":[{"count":2,"href":"https:\/\/wgphoto.pl\/t\/index.php?rest_route=\/wp\/v2\/posts\/16813\/revisions"}],"predecessor-version":[{"id":16819,"href":"https:\/\/wgphoto.pl\/t\/index.php?rest_route=\/wp\/v2\/posts\/16813\/revisions\/16819"}],"wp:featuredmedia":[{"embeddable":true,"href":"https:\/\/wgphoto.pl\/t\/index.php?rest_route=\/wp\/v2\/media\/16818"}],"wp:attachment":[{"href":"https:\/\/wgphoto.pl\/t\/index.php?rest_route=%2Fwp%2Fv2%2Fmedia&parent=16813"}],"wp:term":[{"taxonomy":"category","embeddable":true,"href":"https:\/\/wgphoto.pl\/t\/index.php?rest_route=%2Fwp%2Fv2%2Fcategories&post=16813"},{"taxonomy":"post_tag","embeddable":true,"href":"https:\/\/wgphoto.pl\/t\/index.php?rest_route=%2Fwp%2Fv2%2Ftags&post=16813"}],"curies":[{"name":"wp","href":"https:\/\/api.w.org\/{rel}","templated":true}]}}