{"id":16826,"date":"2025-05-11T15:31:16","date_gmt":"2025-05-11T13:31:16","guid":{"rendered":"https:\/\/wgphoto.pl\/t\/?p=16826"},"modified":"2025-05-11T22:35:16","modified_gmt":"2025-05-11T20:35:16","slug":"tramwajem-po-bruku","status":"publish","type":"post","link":"https:\/\/wgphoto.pl\/t\/?p=16826","title":{"rendered":"Tramwajem po bruku"},"content":{"rendered":"\n<figure class=\"wp-block-image aligncenter size-full\"><img loading=\"lazy\" decoding=\"async\" width=\"1300\" height=\"861\" src=\"https:\/\/wgphoto.pl\/t\/wp-content\/uploads\/2025\/05\/IMGP4035.jpg\" alt=\"\" class=\"wp-image-16827\" srcset=\"https:\/\/wgphoto.pl\/t\/wp-content\/uploads\/2025\/05\/IMGP4035.jpg 1300w, https:\/\/wgphoto.pl\/t\/wp-content\/uploads\/2025\/05\/IMGP4035-300x199.jpg 300w, https:\/\/wgphoto.pl\/t\/wp-content\/uploads\/2025\/05\/IMGP4035-768x509.jpg 768w\" sizes=\"auto, (max-width: 1300px) 100vw, 1300px\" \/><\/figure>\n\n\n\n<div class=\"wp-block-group has-global-padding is-layout-constrained wp-block-group-is-layout-constrained\">\n<p>Naumburg, Poststra\u00dfe. Wagon Reko TZ70 nr 51 z\u0142apany na jedynym w mie\u015bcie odcinku starych tor\u00f3w, licz\u0105cym sobie zapewne kilkudziesi\u0105t lat. Pozosta\u0142e fragmenty w ramach reaktywacji sieci po\u0142o\u017cono na nowo. 19.08.2021<\/p>\n<\/div>\n","protected":false},"excerpt":{"rendered":"<p>Naumburg, Poststra\u00dfe. Wagon Reko TZ70 nr 51 z\u0142apany na jedynym w mie\u015bcie odcinku starych tor\u00f3w, licz\u0105cym sobie zapewne kilkudziesi\u0105t lat. Pozosta\u0142e fragmenty w ramach reaktywacji sieci po\u0142o\u017cono na nowo. 19.08.2021<\/p>\n","protected":false},"author":1,"featured_media":16827,"comment_status":"open","ping_status":"","sticky":false,"template":"","format":"standard","meta":{"footnotes":""},"categories":[681,3],"tags":[3764,2574,23,2202,2575],"class_list":["post-16826","post","type-post","status-publish","format-standard","has-post-thumbnail","hentry","category-rok-2021","category-tramwaj","tag-2021-08-19","tag-naumburg-saale","tag-niemcy","tag-niemieckie-wakacje-2021","tag-reko-tz70"],"_links":{"self":[{"href":"https:\/\/wgphoto.pl\/t\/index.php?rest_route=\/wp\/v2\/posts\/16826","targetHints":{"allow":["GET"]}}],"collection":[{"href":"https:\/\/wgphoto.pl\/t\/index.php?rest_route=\/wp\/v2\/posts"}],"about":[{"href":"https:\/\/wgphoto.pl\/t\/index.php?rest_route=\/wp\/v2\/types\/post"}],"author":[{"embeddable":true,"href":"https:\/\/wgphoto.pl\/t\/index.php?rest_route=\/wp\/v2\/users\/1"}],"replies":[{"embeddable":true,"href":"https:\/\/wgphoto.pl\/t\/index.php?rest_route=%2Fwp%2Fv2%2Fcomments&post=16826"}],"version-history":[{"count":2,"href":"https:\/\/wgphoto.pl\/t\/index.php?rest_route=\/wp\/v2\/posts\/16826\/revisions"}],"predecessor-version":[{"id":16865,"href":"https:\/\/wgphoto.pl\/t\/index.php?rest_route=\/wp\/v2\/posts\/16826\/revisions\/16865"}],"wp:featuredmedia":[{"embeddable":true,"href":"https:\/\/wgphoto.pl\/t\/index.php?rest_route=\/wp\/v2\/media\/16827"}],"wp:attachment":[{"href":"https:\/\/wgphoto.pl\/t\/index.php?rest_route=%2Fwp%2Fv2%2Fmedia&parent=16826"}],"wp:term":[{"taxonomy":"category","embeddable":true,"href":"https:\/\/wgphoto.pl\/t\/index.php?rest_route=%2Fwp%2Fv2%2Fcategories&post=16826"},{"taxonomy":"post_tag","embeddable":true,"href":"https:\/\/wgphoto.pl\/t\/index.php?rest_route=%2Fwp%2Fv2%2Ftags&post=16826"}],"curies":[{"name":"wp","href":"https:\/\/api.w.org\/{rel}","templated":true}]}}