{"id":16844,"date":"2025-05-11T17:38:47","date_gmt":"2025-05-11T15:38:47","guid":{"rendered":"https:\/\/wgphoto.pl\/t\/?p=16844"},"modified":"2025-05-11T17:38:47","modified_gmt":"2025-05-11T15:38:47","slug":"sp32-209-polanica-zdroj","status":"publish","type":"post","link":"https:\/\/wgphoto.pl\/t\/?p=16844","title":{"rendered":"SP32-209, Polanica-Zdr\u00f3j"},"content":{"rendered":"\n<figure class=\"wp-block-image aligncenter size-full\"><img loading=\"lazy\" decoding=\"async\" width=\"1200\" height=\"800\" src=\"https:\/\/wgphoto.pl\/t\/wp-content\/uploads\/2025\/05\/0724-36a.jpg\" alt=\"\" class=\"wp-image-16845\" srcset=\"https:\/\/wgphoto.pl\/t\/wp-content\/uploads\/2025\/05\/0724-36a.jpg 1200w, https:\/\/wgphoto.pl\/t\/wp-content\/uploads\/2025\/05\/0724-36a-300x200.jpg 300w, https:\/\/wgphoto.pl\/t\/wp-content\/uploads\/2025\/05\/0724-36a-768x512.jpg 768w\" sizes=\"auto, (max-width: 1200px) 100vw, 1200px\" \/><\/figure>\n\n\n\n<div class=\"wp-block-group has-global-padding is-layout-constrained wp-block-group-is-layout-constrained\">\n<p>Drugie uj\u0119cie z Polanicy, prezentuj\u0105ce szerzej elementy miejscowego zagospodarowania przestrzennego, a tak\u017ce wyblak\u0142\u0105 malatur\u0119 lokomotywy. 25.08.2007<\/p>\n<\/div>\n","protected":false},"excerpt":{"rendered":"<p>Drugie uj\u0119cie z Polanicy, prezentuj\u0105ce szerzej elementy miejscowego zagospodarowania przestrzennego, a tak\u017ce wyblak\u0142\u0105 malatur\u0119 lokomotywy. 25.08.2007<\/p>\n","protected":false},"author":1,"featured_media":16845,"comment_status":"open","ping_status":"","sticky":false,"template":"","format":"standard","meta":{"footnotes":""},"categories":[62,2,96],"tags":[3723,63,1946,27,385,53,383],"class_list":["post-16844","post","type-post","status-publish","format-standard","has-post-thumbnail","hentry","category-analog","category-kolej","category-rok-2007","tag-2007-08-25","tag-pkp","tag-polanica-zdroj","tag-polska","tag-sp32","tag-sygnalizacja-ksztaltowa","tag-tab-pl230"],"_links":{"self":[{"href":"https:\/\/wgphoto.pl\/t\/index.php?rest_route=\/wp\/v2\/posts\/16844","targetHints":{"allow":["GET"]}}],"collection":[{"href":"https:\/\/wgphoto.pl\/t\/index.php?rest_route=\/wp\/v2\/posts"}],"about":[{"href":"https:\/\/wgphoto.pl\/t\/index.php?rest_route=\/wp\/v2\/types\/post"}],"author":[{"embeddable":true,"href":"https:\/\/wgphoto.pl\/t\/index.php?rest_route=\/wp\/v2\/users\/1"}],"replies":[{"embeddable":true,"href":"https:\/\/wgphoto.pl\/t\/index.php?rest_route=%2Fwp%2Fv2%2Fcomments&post=16844"}],"version-history":[{"count":1,"href":"https:\/\/wgphoto.pl\/t\/index.php?rest_route=\/wp\/v2\/posts\/16844\/revisions"}],"predecessor-version":[{"id":16846,"href":"https:\/\/wgphoto.pl\/t\/index.php?rest_route=\/wp\/v2\/posts\/16844\/revisions\/16846"}],"wp:featuredmedia":[{"embeddable":true,"href":"https:\/\/wgphoto.pl\/t\/index.php?rest_route=\/wp\/v2\/media\/16845"}],"wp:attachment":[{"href":"https:\/\/wgphoto.pl\/t\/index.php?rest_route=%2Fwp%2Fv2%2Fmedia&parent=16844"}],"wp:term":[{"taxonomy":"category","embeddable":true,"href":"https:\/\/wgphoto.pl\/t\/index.php?rest_route=%2Fwp%2Fv2%2Fcategories&post=16844"},{"taxonomy":"post_tag","embeddable":true,"href":"https:\/\/wgphoto.pl\/t\/index.php?rest_route=%2Fwp%2Fv2%2Ftags&post=16844"}],"curies":[{"name":"wp","href":"https:\/\/api.w.org\/{rel}","templated":true}]}}