{"id":1685,"date":"2024-10-04T21:41:16","date_gmt":"2024-10-04T19:41:16","guid":{"rendered":"https:\/\/wgphoto.pl\/t\/?p=1685"},"modified":"2024-10-04T21:41:16","modified_gmt":"2024-10-04T19:41:16","slug":"tramwajowa-lokalka","status":"publish","type":"post","link":"https:\/\/wgphoto.pl\/t\/?p=1685","title":{"rendered":"Tramwajowa lokalka"},"content":{"rendered":"\n<figure class=\"wp-block-image aligncenter size-full\"><img loading=\"lazy\" decoding=\"async\" width=\"1200\" height=\"803\" src=\"https:\/\/wgphoto.pl\/t\/wp-content\/uploads\/2024\/10\/IMGP4817.jpg\" alt=\"\" class=\"wp-image-1686\" srcset=\"https:\/\/wgphoto.pl\/t\/wp-content\/uploads\/2024\/10\/IMGP4817.jpg 1200w, https:\/\/wgphoto.pl\/t\/wp-content\/uploads\/2024\/10\/IMGP4817-300x201.jpg 300w, https:\/\/wgphoto.pl\/t\/wp-content\/uploads\/2024\/10\/IMGP4817-768x514.jpg 768w\" sizes=\"auto, (max-width: 1200px) 100vw, 1200px\" \/><\/figure>\n\n\n\n<div class=\"wp-block-group has-global-padding is-layout-constrained wp-block-group-is-layout-constrained\">\n<p>\u0141od\u017a, ul. Konstantynowska. 803N nr 2 w historycznej czerwieni wspina si\u0119 na Brus, wykonuj\u0105c kurs w skr\u00f3conym wariancie tylko do Konstantynowa, oznaczonym jako 43BIS i zag\u0119szczaj\u0105cym kursy linii 43 na odcinku \u0141\u00f3d\u017a Stoki &#8211; Konstantyn\u00f3w i z powrotem nawet do czterech na godzin\u0119. Obecnie tramwaje t\u0119dy nie kursuj\u0105 ze wzgl\u0119du na z\u0142y stan infrastruktury. 25.10.2011<\/p>\n<\/div>\n","protected":false},"excerpt":{"rendered":"<p>\u0141od\u017a, ul. Konstantynowska. 803N nr 2 w historycznej czerwieni wspina si\u0119 na Brus, wykonuj\u0105c kurs w skr\u00f3conym wariancie tylko do Konstantynowa, oznaczonym jako 43BIS i zag\u0119szczaj\u0105cym kursy linii 43 na odcinku \u0141\u00f3d\u017a Stoki &#8211; Konstantyn\u00f3w i z powrotem nawet do czterech na godzin\u0119. Obecnie tramwaje t\u0119dy nie kursuj\u0105 ze wzgl\u0119du na z\u0142y stan infrastruktury. 25.10.2011<\/p>\n","protected":false},"author":1,"featured_media":1686,"comment_status":"open","ping_status":"","sticky":false,"template":"","format":"standard","meta":{"footnotes":""},"categories":[77,3],"tags":[867,770,773,771,27,139,772],"class_list":["post-1685","post","type-post","status-publish","format-standard","has-post-thumbnail","hentry","category-rok-2011","category-tramwaj","tag-2011-10-25","tag-konstal-803n","tag-lodz","tag-lodz-linie-podmiejskie","tag-polska","tag-retro","tag-tp-lodz"],"_links":{"self":[{"href":"https:\/\/wgphoto.pl\/t\/index.php?rest_route=\/wp\/v2\/posts\/1685","targetHints":{"allow":["GET"]}}],"collection":[{"href":"https:\/\/wgphoto.pl\/t\/index.php?rest_route=\/wp\/v2\/posts"}],"about":[{"href":"https:\/\/wgphoto.pl\/t\/index.php?rest_route=\/wp\/v2\/types\/post"}],"author":[{"embeddable":true,"href":"https:\/\/wgphoto.pl\/t\/index.php?rest_route=\/wp\/v2\/users\/1"}],"replies":[{"embeddable":true,"href":"https:\/\/wgphoto.pl\/t\/index.php?rest_route=%2Fwp%2Fv2%2Fcomments&post=1685"}],"version-history":[{"count":1,"href":"https:\/\/wgphoto.pl\/t\/index.php?rest_route=\/wp\/v2\/posts\/1685\/revisions"}],"predecessor-version":[{"id":1687,"href":"https:\/\/wgphoto.pl\/t\/index.php?rest_route=\/wp\/v2\/posts\/1685\/revisions\/1687"}],"wp:featuredmedia":[{"embeddable":true,"href":"https:\/\/wgphoto.pl\/t\/index.php?rest_route=\/wp\/v2\/media\/1686"}],"wp:attachment":[{"href":"https:\/\/wgphoto.pl\/t\/index.php?rest_route=%2Fwp%2Fv2%2Fmedia&parent=1685"}],"wp:term":[{"taxonomy":"category","embeddable":true,"href":"https:\/\/wgphoto.pl\/t\/index.php?rest_route=%2Fwp%2Fv2%2Fcategories&post=1685"},{"taxonomy":"post_tag","embeddable":true,"href":"https:\/\/wgphoto.pl\/t\/index.php?rest_route=%2Fwp%2Fv2%2Ftags&post=1685"}],"curies":[{"name":"wp","href":"https:\/\/api.w.org\/{rel}","templated":true}]}}