{"id":16853,"date":"2025-05-11T17:41:11","date_gmt":"2025-05-11T15:41:11","guid":{"rendered":"https:\/\/wgphoto.pl\/t\/?p=16853"},"modified":"2025-05-11T17:41:11","modified_gmt":"2025-05-11T15:41:11","slug":"zaskoczenie","status":"publish","type":"post","link":"https:\/\/wgphoto.pl\/t\/?p=16853","title":{"rendered":"Zaskoczenie"},"content":{"rendered":"\n<figure class=\"wp-block-image aligncenter size-full\"><img loading=\"lazy\" decoding=\"async\" width=\"1200\" height=\"800\" src=\"https:\/\/wgphoto.pl\/t\/wp-content\/uploads\/2025\/05\/0620-37.jpg\" alt=\"\" class=\"wp-image-16854\" srcset=\"https:\/\/wgphoto.pl\/t\/wp-content\/uploads\/2025\/05\/0620-37.jpg 1200w, https:\/\/wgphoto.pl\/t\/wp-content\/uploads\/2025\/05\/0620-37-300x200.jpg 300w, https:\/\/wgphoto.pl\/t\/wp-content\/uploads\/2025\/05\/0620-37-768x512.jpg 768w\" sizes=\"auto, (max-width: 1200px) 100vw, 1200px\" \/><\/figure>\n\n\n\n<div class=\"wp-block-group has-global-padding is-layout-constrained wp-block-group-is-layout-constrained\">\n<p>Poci\u0105g osobowy 44130 relacji Legnica &#8211; Kamieniec Z\u0105bkowicki odje\u017cd\u017ca z Dzier\u017coniowa. Przez trzy dni z rz\u0119du (z kt\u00f3rych ten jest pierwszym) d\u0142u\u017cszy z osobowych obieg\u00f3w na dolno\u015bl\u0105skim odcinku podsudeckiej obs\u0142ugiwa\u0142 taki oto sk\u0142ad o pojemno\u015bci zdecydowanie zwi\u0119kszonej w stosunku do zwyczajowo obs\u0142uguj\u0105cych t\u0119 relacj\u0119 autobus\u00f3w szynowych. Pow\u00f3d &#8211; festiwal reggae w Bielawie. Sk\u0142ad pi\u0119trowych wagon\u00f3w Bhp pojawi\u0142 si\u0119 w tym miejscu pierwszy raz od ponad trzech lat, a niczego nie\u015bwiadomi foci\u015bci czekali tutaj od niechcenia na jaki\u015b plastikowy pojazd. \ud83d\ude09 26.08.2006<\/p>\n<\/div>\n","protected":false},"excerpt":{"rendered":"<p>Poci\u0105g osobowy 44130 relacji Legnica &#8211; Kamieniec Z\u0105bkowicki odje\u017cd\u017ca z Dzier\u017coniowa. Przez trzy dni z rz\u0119du (z kt\u00f3rych ten jest pierwszym) d\u0142u\u017cszy z osobowych obieg\u00f3w na dolno\u015bl\u0105skim odcinku podsudeckiej obs\u0142ugiwa\u0142 taki oto sk\u0142ad o pojemno\u015bci zdecydowanie zwi\u0119kszonej w stosunku do zwyczajowo obs\u0142uguj\u0105cych t\u0119 relacj\u0119 autobus\u00f3w szynowych. Pow\u00f3d &#8211; festiwal reggae w Bielawie. Sk\u0142ad pi\u0119trowych wagon\u00f3w [&hellip;]<\/p>\n","protected":false},"author":1,"featured_media":16854,"comment_status":"open","ping_status":"","sticky":false,"template":"","format":"standard","meta":{"footnotes":""},"categories":[62,2,130],"tags":[3765,288,3687,63,27,473,53,319],"class_list":["post-16853","post","type-post","status-publish","format-standard","has-post-thumbnail","hentry","category-analog","category-kolej","category-rok-2006","tag-2006-08-26","tag-bipa","tag-dzierzoniow","tag-pkp","tag-polska","tag-sm42","tag-sygnalizacja-ksztaltowa","tag-tab-pl235"],"_links":{"self":[{"href":"https:\/\/wgphoto.pl\/t\/index.php?rest_route=\/wp\/v2\/posts\/16853","targetHints":{"allow":["GET"]}}],"collection":[{"href":"https:\/\/wgphoto.pl\/t\/index.php?rest_route=\/wp\/v2\/posts"}],"about":[{"href":"https:\/\/wgphoto.pl\/t\/index.php?rest_route=\/wp\/v2\/types\/post"}],"author":[{"embeddable":true,"href":"https:\/\/wgphoto.pl\/t\/index.php?rest_route=\/wp\/v2\/users\/1"}],"replies":[{"embeddable":true,"href":"https:\/\/wgphoto.pl\/t\/index.php?rest_route=%2Fwp%2Fv2%2Fcomments&post=16853"}],"version-history":[{"count":1,"href":"https:\/\/wgphoto.pl\/t\/index.php?rest_route=\/wp\/v2\/posts\/16853\/revisions"}],"predecessor-version":[{"id":16855,"href":"https:\/\/wgphoto.pl\/t\/index.php?rest_route=\/wp\/v2\/posts\/16853\/revisions\/16855"}],"wp:featuredmedia":[{"embeddable":true,"href":"https:\/\/wgphoto.pl\/t\/index.php?rest_route=\/wp\/v2\/media\/16854"}],"wp:attachment":[{"href":"https:\/\/wgphoto.pl\/t\/index.php?rest_route=%2Fwp%2Fv2%2Fmedia&parent=16853"}],"wp:term":[{"taxonomy":"category","embeddable":true,"href":"https:\/\/wgphoto.pl\/t\/index.php?rest_route=%2Fwp%2Fv2%2Fcategories&post=16853"},{"taxonomy":"post_tag","embeddable":true,"href":"https:\/\/wgphoto.pl\/t\/index.php?rest_route=%2Fwp%2Fv2%2Ftags&post=16853"}],"curies":[{"name":"wp","href":"https:\/\/api.w.org\/{rel}","templated":true}]}}