{"id":16859,"date":"2025-05-11T17:43:23","date_gmt":"2025-05-11T15:43:23","guid":{"rendered":"https:\/\/wgphoto.pl\/t\/?p=16859"},"modified":"2025-05-11T17:43:23","modified_gmt":"2025-05-11T15:43:23","slug":"troche-nie-wyszlo-2","status":"publish","type":"post","link":"https:\/\/wgphoto.pl\/t\/?p=16859","title":{"rendered":"Troch\u0119 nie wysz\u0142o"},"content":{"rendered":"\n<figure class=\"wp-block-image aligncenter size-full\"><img loading=\"lazy\" decoding=\"async\" width=\"1200\" height=\"803\" src=\"https:\/\/wgphoto.pl\/t\/wp-content\/uploads\/2025\/05\/IMGP2326.jpg\" alt=\"\" class=\"wp-image-16860\" srcset=\"https:\/\/wgphoto.pl\/t\/wp-content\/uploads\/2025\/05\/IMGP2326.jpg 1200w, https:\/\/wgphoto.pl\/t\/wp-content\/uploads\/2025\/05\/IMGP2326-300x201.jpg 300w, https:\/\/wgphoto.pl\/t\/wp-content\/uploads\/2025\/05\/IMGP2326-768x514.jpg 768w\" sizes=\"auto, (max-width: 1200px) 100vw, 1200px\" \/><\/figure>\n\n\n\n<div class=\"wp-block-group has-global-padding is-layout-constrained wp-block-group-is-layout-constrained\">\n<p>\u017delenice nad B\u00edlinou. Poci\u0105g przyspieszony 1694 z \u00dast\u00ed nad Labem do Karlov\u00fdch Var\u016f, prowadzony maszyn\u0105 362 085-3, przedziera si\u0119 przez marcow\u0105 \u015bnie\u017cyc\u0119. W tym miejscu zasadniczo robi si\u0119 zdj\u0119cia z troch\u0119 innym motywem ni\u017c \u015bnieg, dlatego\u2026 Ci\u0105g dalszy na nast\u0119pnym zdj\u0119ciu. 15.03.2013<\/p>\n<\/div>\n","protected":false},"excerpt":{"rendered":"<p>\u017delenice nad B\u00edlinou. Poci\u0105g przyspieszony 1694 z \u00dast\u00ed nad Labem do Karlov\u00fdch Var\u016f, prowadzony maszyn\u0105 362 085-3, przedziera si\u0119 przez marcow\u0105 \u015bnie\u017cyc\u0119. W tym miejscu zasadniczo robi si\u0119 zdj\u0119cia z troch\u0119 innym motywem ni\u017c \u015bnieg, dlatego\u2026 Ci\u0105g dalszy na nast\u0119pnym zdj\u0119ciu. 15.03.2013<\/p>\n","protected":false},"author":1,"featured_media":16860,"comment_status":"open","ping_status":"","sticky":false,"template":"","format":"standard","meta":{"footnotes":""},"categories":[2,55],"tags":[1884,1362,50,49,44,1685,3766],"class_list":["post-16859","post","type-post","status-publish","format-standard","has-post-thumbnail","hentry","category-kolej","category-rok-2013","tag-2013-03-15","tag-1362","tag-cd","tag-czechy","tag-snieg","tag-tab-cz130","tag-zelenice-nad-bilinou"],"_links":{"self":[{"href":"https:\/\/wgphoto.pl\/t\/index.php?rest_route=\/wp\/v2\/posts\/16859","targetHints":{"allow":["GET"]}}],"collection":[{"href":"https:\/\/wgphoto.pl\/t\/index.php?rest_route=\/wp\/v2\/posts"}],"about":[{"href":"https:\/\/wgphoto.pl\/t\/index.php?rest_route=\/wp\/v2\/types\/post"}],"author":[{"embeddable":true,"href":"https:\/\/wgphoto.pl\/t\/index.php?rest_route=\/wp\/v2\/users\/1"}],"replies":[{"embeddable":true,"href":"https:\/\/wgphoto.pl\/t\/index.php?rest_route=%2Fwp%2Fv2%2Fcomments&post=16859"}],"version-history":[{"count":1,"href":"https:\/\/wgphoto.pl\/t\/index.php?rest_route=\/wp\/v2\/posts\/16859\/revisions"}],"predecessor-version":[{"id":16861,"href":"https:\/\/wgphoto.pl\/t\/index.php?rest_route=\/wp\/v2\/posts\/16859\/revisions\/16861"}],"wp:featuredmedia":[{"embeddable":true,"href":"https:\/\/wgphoto.pl\/t\/index.php?rest_route=\/wp\/v2\/media\/16860"}],"wp:attachment":[{"href":"https:\/\/wgphoto.pl\/t\/index.php?rest_route=%2Fwp%2Fv2%2Fmedia&parent=16859"}],"wp:term":[{"taxonomy":"category","embeddable":true,"href":"https:\/\/wgphoto.pl\/t\/index.php?rest_route=%2Fwp%2Fv2%2Fcategories&post=16859"},{"taxonomy":"post_tag","embeddable":true,"href":"https:\/\/wgphoto.pl\/t\/index.php?rest_route=%2Fwp%2Fv2%2Ftags&post=16859"}],"curies":[{"name":"wp","href":"https:\/\/api.w.org\/{rel}","templated":true}]}}