{"id":16862,"date":"2025-05-11T17:44:15","date_gmt":"2025-05-11T15:44:15","guid":{"rendered":"https:\/\/wgphoto.pl\/t\/?p=16862"},"modified":"2025-05-11T17:44:15","modified_gmt":"2025-05-11T15:44:15","slug":"tym-razem-z-widokiem","status":"publish","type":"post","link":"https:\/\/wgphoto.pl\/t\/?p=16862","title":{"rendered":"Tym razem z widokiem"},"content":{"rendered":"\n<figure class=\"wp-block-image aligncenter size-full\"><img loading=\"lazy\" decoding=\"async\" width=\"1200\" height=\"803\" src=\"https:\/\/wgphoto.pl\/t\/wp-content\/uploads\/2025\/05\/IMGP2331.jpg\" alt=\"\" class=\"wp-image-16863\" srcset=\"https:\/\/wgphoto.pl\/t\/wp-content\/uploads\/2025\/05\/IMGP2331.jpg 1200w, https:\/\/wgphoto.pl\/t\/wp-content\/uploads\/2025\/05\/IMGP2331-300x201.jpg 300w, https:\/\/wgphoto.pl\/t\/wp-content\/uploads\/2025\/05\/IMGP2331-768x514.jpg 768w\" sizes=\"auto, (max-width: 1200px) 100vw, 1200px\" \/><\/figure>\n\n\n\n<div class=\"wp-block-group has-global-padding is-layout-constrained wp-block-group-is-layout-constrained\">\n<p>\u2026dlatego 15 minut p\u00f3\u017aniej nast\u0105pi\u0142a powt\u00f3rka. Tym razem z widocznego w tle przystanku \u017delenice nad B\u00edlinou rusza poci\u0105g osobowy 6818 z D\u011b\u010d\u00edna hl.n. do Mostu, posiadaj\u0105cy prawie klasyczne zestawienie. W tym przemys\u0142owym regionie poci\u0105gi tej relacji, zestawiane z lokomotywy i wagon\u00f3w, kursowa\u0142y przez ca\u0142y dzie\u0144 co godzin\u0119, wspomagane rychlikami i innymi przyspieszonymi, szczytowymi &#8222;wtyczkami&#8221;. Obecnie kr\u00f3luj\u0105 tu plastikowe EZT-y. Ale nie wspomnia\u0142em jeszcze o tej skale widocznej tym razem w tle (cho\u0107 mog\u0142o by\u0107 lepiej, wszak o tej porze dnia idealnie pasuje tam s\u0142o\u0144ce). Ot\u00f3\u017c jest to bardzo charakterystyczny szczyt Bo\u0159e\u0148 (539 m n.p.m.). 15.03.2013<\/p>\n<\/div>\n","protected":false},"excerpt":{"rendered":"<p>\u2026dlatego 15 minut p\u00f3\u017aniej nast\u0105pi\u0142a powt\u00f3rka. Tym razem z widocznego w tle przystanku \u017delenice nad B\u00edlinou rusza poci\u0105g osobowy 6818 z D\u011b\u010d\u00edna hl.n. do Mostu, posiadaj\u0105cy prawie klasyczne zestawienie. W tym przemys\u0142owym regionie poci\u0105gi tej relacji, zestawiane z lokomotywy i wagon\u00f3w, kursowa\u0142y przez ca\u0142y dzie\u0144 co godzin\u0119, wspomagane rychlikami i innymi przyspieszonymi, szczytowymi &#8222;wtyczkami&#8221;. Obecnie [&hellip;]<\/p>\n","protected":false},"author":1,"featured_media":16863,"comment_status":"open","ping_status":"","sticky":false,"template":"","format":"standard","meta":{"footnotes":""},"categories":[2,55],"tags":[1401,1884,50,49,114,44,1685,3766],"class_list":["post-16862","post","type-post","status-publish","format-standard","has-post-thumbnail","hentry","category-kolej","category-rok-2013","tag-1401","tag-2013-03-15","tag-cd","tag-czechy","tag-gory","tag-snieg","tag-tab-cz130","tag-zelenice-nad-bilinou"],"_links":{"self":[{"href":"https:\/\/wgphoto.pl\/t\/index.php?rest_route=\/wp\/v2\/posts\/16862","targetHints":{"allow":["GET"]}}],"collection":[{"href":"https:\/\/wgphoto.pl\/t\/index.php?rest_route=\/wp\/v2\/posts"}],"about":[{"href":"https:\/\/wgphoto.pl\/t\/index.php?rest_route=\/wp\/v2\/types\/post"}],"author":[{"embeddable":true,"href":"https:\/\/wgphoto.pl\/t\/index.php?rest_route=\/wp\/v2\/users\/1"}],"replies":[{"embeddable":true,"href":"https:\/\/wgphoto.pl\/t\/index.php?rest_route=%2Fwp%2Fv2%2Fcomments&post=16862"}],"version-history":[{"count":1,"href":"https:\/\/wgphoto.pl\/t\/index.php?rest_route=\/wp\/v2\/posts\/16862\/revisions"}],"predecessor-version":[{"id":16864,"href":"https:\/\/wgphoto.pl\/t\/index.php?rest_route=\/wp\/v2\/posts\/16862\/revisions\/16864"}],"wp:featuredmedia":[{"embeddable":true,"href":"https:\/\/wgphoto.pl\/t\/index.php?rest_route=\/wp\/v2\/media\/16863"}],"wp:attachment":[{"href":"https:\/\/wgphoto.pl\/t\/index.php?rest_route=%2Fwp%2Fv2%2Fmedia&parent=16862"}],"wp:term":[{"taxonomy":"category","embeddable":true,"href":"https:\/\/wgphoto.pl\/t\/index.php?rest_route=%2Fwp%2Fv2%2Fcategories&post=16862"},{"taxonomy":"post_tag","embeddable":true,"href":"https:\/\/wgphoto.pl\/t\/index.php?rest_route=%2Fwp%2Fv2%2Ftags&post=16862"}],"curies":[{"name":"wp","href":"https:\/\/api.w.org\/{rel}","templated":true}]}}