{"id":16866,"date":"2025-05-11T22:53:40","date_gmt":"2025-05-11T20:53:40","guid":{"rendered":"https:\/\/wgphoto.pl\/t\/?p=16866"},"modified":"2025-05-11T22:53:40","modified_gmt":"2025-05-11T20:53:40","slug":"wieczorne-detale-stodwojkowej-kabiny","status":"publish","type":"post","link":"https:\/\/wgphoto.pl\/t\/?p=16866","title":{"rendered":"Wieczorne detale stodw\u00f3jkowej kabiny"},"content":{"rendered":"\n<figure class=\"wp-block-image aligncenter size-full\"><img loading=\"lazy\" decoding=\"async\" width=\"1200\" height=\"803\" src=\"https:\/\/wgphoto.pl\/t\/wp-content\/uploads\/2025\/05\/IMGP1107.jpg\" alt=\"\" class=\"wp-image-16867\" srcset=\"https:\/\/wgphoto.pl\/t\/wp-content\/uploads\/2025\/05\/IMGP1107.jpg 1200w, https:\/\/wgphoto.pl\/t\/wp-content\/uploads\/2025\/05\/IMGP1107-300x201.jpg 300w, https:\/\/wgphoto.pl\/t\/wp-content\/uploads\/2025\/05\/IMGP1107-768x514.jpg 768w\" sizes=\"auto, (max-width: 1200px) 100vw, 1200px\" \/><\/figure>\n\n\n\n<div class=\"wp-block-group has-global-padding is-layout-constrained wp-block-group-is-layout-constrained\">\n<p>Sytuacja z s\u0105siedniego zdj\u0119cia widziana od \u015brodka. 21.12.2009<\/p>\n<\/div>\n","protected":false},"excerpt":{"rendered":"<p>Sytuacja z s\u0105siedniego zdj\u0119cia widziana od \u015brodka. 21.12.2009<\/p>\n","protected":false},"author":1,"featured_media":16867,"comment_status":"open","ping_status":"","sticky":false,"template":"","format":"standard","meta":{"footnotes":""},"categories":[220,169,3],"tags":[3767,309,42,154,27,2882,439,41],"class_list":["post-16866","post","type-post","status-publish","format-standard","has-post-thumbnail","hentry","category-blo","category-rok-2009","category-tramwaj","tag-2009-12-21","tag-konstal-102na","tag-mpk-wroclaw","tag-noc","tag-polska","tag-pulpit","tag-we-fabryce","tag-wroclaw"],"_links":{"self":[{"href":"https:\/\/wgphoto.pl\/t\/index.php?rest_route=\/wp\/v2\/posts\/16866","targetHints":{"allow":["GET"]}}],"collection":[{"href":"https:\/\/wgphoto.pl\/t\/index.php?rest_route=\/wp\/v2\/posts"}],"about":[{"href":"https:\/\/wgphoto.pl\/t\/index.php?rest_route=\/wp\/v2\/types\/post"}],"author":[{"embeddable":true,"href":"https:\/\/wgphoto.pl\/t\/index.php?rest_route=\/wp\/v2\/users\/1"}],"replies":[{"embeddable":true,"href":"https:\/\/wgphoto.pl\/t\/index.php?rest_route=%2Fwp%2Fv2%2Fcomments&post=16866"}],"version-history":[{"count":1,"href":"https:\/\/wgphoto.pl\/t\/index.php?rest_route=\/wp\/v2\/posts\/16866\/revisions"}],"predecessor-version":[{"id":16868,"href":"https:\/\/wgphoto.pl\/t\/index.php?rest_route=\/wp\/v2\/posts\/16866\/revisions\/16868"}],"wp:featuredmedia":[{"embeddable":true,"href":"https:\/\/wgphoto.pl\/t\/index.php?rest_route=\/wp\/v2\/media\/16867"}],"wp:attachment":[{"href":"https:\/\/wgphoto.pl\/t\/index.php?rest_route=%2Fwp%2Fv2%2Fmedia&parent=16866"}],"wp:term":[{"taxonomy":"category","embeddable":true,"href":"https:\/\/wgphoto.pl\/t\/index.php?rest_route=%2Fwp%2Fv2%2Fcategories&post=16866"},{"taxonomy":"post_tag","embeddable":true,"href":"https:\/\/wgphoto.pl\/t\/index.php?rest_route=%2Fwp%2Fv2%2Ftags&post=16866"}],"curies":[{"name":"wp","href":"https:\/\/api.w.org\/{rel}","templated":true}]}}