{"id":16869,"date":"2025-05-11T22:54:32","date_gmt":"2025-05-11T20:54:32","guid":{"rendered":"https:\/\/wgphoto.pl\/t\/?p=16869"},"modified":"2025-05-11T22:54:32","modified_gmt":"2025-05-11T20:54:32","slug":"sprawny-i-uszkodzony","status":"publish","type":"post","link":"https:\/\/wgphoto.pl\/t\/?p=16869","title":{"rendered":"Sprawny i uszkodzony"},"content":{"rendered":"\n<figure class=\"wp-block-image aligncenter size-full\"><img loading=\"lazy\" decoding=\"async\" width=\"1200\" height=\"800\" src=\"https:\/\/wgphoto.pl\/t\/wp-content\/uploads\/2025\/05\/IMGP1100.jpg\" alt=\"\" class=\"wp-image-16870\" srcset=\"https:\/\/wgphoto.pl\/t\/wp-content\/uploads\/2025\/05\/IMGP1100.jpg 1200w, https:\/\/wgphoto.pl\/t\/wp-content\/uploads\/2025\/05\/IMGP1100-300x200.jpg 300w, https:\/\/wgphoto.pl\/t\/wp-content\/uploads\/2025\/05\/IMGP1100-768x512.jpg 768w\" sizes=\"auto, (max-width: 1200px) 100vw, 1200px\" \/><\/figure>\n\n\n\n<div class=\"wp-block-group has-global-padding is-layout-constrained wp-block-group-is-layout-constrained\">\n<p>W czasach gdy stodw\u00f3jek by\u0142o ju\u017c niewiele, spotkanie dw\u00f3ch naraz na p\u0119tli nie by\u0142o takie oczywiste. Tego dnia na p\u0119tli przy Cmentarzu Grabiszy\u0144skim wagon 2030 &#8222;zamieszka\u0142&#8221; jednak na kilka godzin, wi\u0119c nawet wystarczy\u0142o czasu na zam\u00f3wienie sprz\u0119tu fotograficznego z dostaw\u0105 z domu do tramwaju. 2009-12-21<\/p>\n<\/div>\n","protected":false},"excerpt":{"rendered":"<p>W czasach gdy stodw\u00f3jek by\u0142o ju\u017c niewiele, spotkanie dw\u00f3ch naraz na p\u0119tli nie by\u0142o takie oczywiste. Tego dnia na p\u0119tli przy Cmentarzu Grabiszy\u0144skim wagon 2030 &#8222;zamieszka\u0142&#8221; jednak na kilka godzin, wi\u0119c nawet wystarczy\u0142o czasu na zam\u00f3wienie sprz\u0119tu fotograficznego z dostaw\u0105 z domu do tramwaju. 2009-12-21<\/p>\n","protected":false},"author":1,"featured_media":16870,"comment_status":"open","ping_status":"","sticky":false,"template":"","format":"standard","meta":{"footnotes":""},"categories":[169,3],"tags":[3767,309,42,154,27,44,439,41],"class_list":["post-16869","post","type-post","status-publish","format-standard","has-post-thumbnail","hentry","category-rok-2009","category-tramwaj","tag-2009-12-21","tag-konstal-102na","tag-mpk-wroclaw","tag-noc","tag-polska","tag-snieg","tag-we-fabryce","tag-wroclaw"],"_links":{"self":[{"href":"https:\/\/wgphoto.pl\/t\/index.php?rest_route=\/wp\/v2\/posts\/16869","targetHints":{"allow":["GET"]}}],"collection":[{"href":"https:\/\/wgphoto.pl\/t\/index.php?rest_route=\/wp\/v2\/posts"}],"about":[{"href":"https:\/\/wgphoto.pl\/t\/index.php?rest_route=\/wp\/v2\/types\/post"}],"author":[{"embeddable":true,"href":"https:\/\/wgphoto.pl\/t\/index.php?rest_route=\/wp\/v2\/users\/1"}],"replies":[{"embeddable":true,"href":"https:\/\/wgphoto.pl\/t\/index.php?rest_route=%2Fwp%2Fv2%2Fcomments&post=16869"}],"version-history":[{"count":1,"href":"https:\/\/wgphoto.pl\/t\/index.php?rest_route=\/wp\/v2\/posts\/16869\/revisions"}],"predecessor-version":[{"id":16871,"href":"https:\/\/wgphoto.pl\/t\/index.php?rest_route=\/wp\/v2\/posts\/16869\/revisions\/16871"}],"wp:featuredmedia":[{"embeddable":true,"href":"https:\/\/wgphoto.pl\/t\/index.php?rest_route=\/wp\/v2\/media\/16870"}],"wp:attachment":[{"href":"https:\/\/wgphoto.pl\/t\/index.php?rest_route=%2Fwp%2Fv2%2Fmedia&parent=16869"}],"wp:term":[{"taxonomy":"category","embeddable":true,"href":"https:\/\/wgphoto.pl\/t\/index.php?rest_route=%2Fwp%2Fv2%2Fcategories&post=16869"},{"taxonomy":"post_tag","embeddable":true,"href":"https:\/\/wgphoto.pl\/t\/index.php?rest_route=%2Fwp%2Fv2%2Ftags&post=16869"}],"curies":[{"name":"wp","href":"https:\/\/api.w.org\/{rel}","templated":true}]}}