{"id":16872,"date":"2025-05-11T22:55:28","date_gmt":"2025-05-11T20:55:28","guid":{"rendered":"https:\/\/wgphoto.pl\/t\/?p=16872"},"modified":"2025-05-11T22:55:28","modified_gmt":"2025-05-11T20:55:28","slug":"widok-z-haldy","status":"publish","type":"post","link":"https:\/\/wgphoto.pl\/t\/?p=16872","title":{"rendered":"Widok z ha\u0142dy"},"content":{"rendered":"\n<figure class=\"wp-block-image aligncenter size-full\"><img loading=\"lazy\" decoding=\"async\" width=\"1200\" height=\"795\" src=\"https:\/\/wgphoto.pl\/t\/wp-content\/uploads\/2025\/05\/IMGP5039.jpg\" alt=\"\" class=\"wp-image-16873\" srcset=\"https:\/\/wgphoto.pl\/t\/wp-content\/uploads\/2025\/05\/IMGP5039.jpg 1200w, https:\/\/wgphoto.pl\/t\/wp-content\/uploads\/2025\/05\/IMGP5039-300x199.jpg 300w, https:\/\/wgphoto.pl\/t\/wp-content\/uploads\/2025\/05\/IMGP5039-768x509.jpg 768w\" sizes=\"auto, (max-width: 1200px) 100vw, 1200px\" \/><\/figure>\n\n\n\n<div class=\"wp-block-group has-global-padding is-layout-constrained wp-block-group-is-layout-constrained\">\n<p>Widok z ha\u0142dy na p\u00f3\u0142nocne rejony centrum Charleroi. Jeden wielki parking tutaj widz\u0119. Nawet na dachu stacji Beaux-Arts (w centrum kadru). Zach\u0119cony widokami z drugiej strony spodziewa\u0142em si\u0119 ciekawszych uj\u0119\u0107. Ale i tak nie \u017ca\u0142uj\u0119, \u017ce tam wlaz\u0142em, bo w przeciwnym razie nie przekona\u0142bym si\u0119, \u017ce zdj\u0119\u0107 tramwaj\u00f3w to st\u0105d nie b\u0119dzie. 08.11.2017<\/p>\n<\/div>\n","protected":false},"excerpt":{"rendered":"<p>Widok z ha\u0142dy na p\u00f3\u0142nocne rejony centrum Charleroi. Jeden wielki parking tutaj widz\u0119. Nawet na dachu stacji Beaux-Arts (w centrum kadru). Zach\u0119cony widokami z drugiej strony spodziewa\u0142em si\u0119 ciekawszych uj\u0119\u0107. Ale i tak nie \u017ca\u0142uj\u0119, \u017ce tam wlaz\u0142em, bo w przeciwnym razie nie przekona\u0142bym si\u0119, \u017ce zdj\u0119\u0107 tramwaj\u00f3w to st\u0105d nie b\u0119dzie. 08.11.2017<\/p>\n","protected":false},"author":1,"featured_media":16873,"comment_status":"open","ping_status":"","sticky":false,"template":"","format":"standard","meta":{"footnotes":""},"categories":[368,3],"tags":[2643,695,814,812,13,113,3768,839],"class_list":["post-16872","post","type-post","status-publish","format-standard","has-post-thumbnail","hentry","category-rok-2017","category-tramwaj","tag-2017-11-08","tag-belgia","tag-bn-lrv","tag-charleroi","tag-deszcz","tag-landszaft","tag-tec","tag-wakacje-2017"],"_links":{"self":[{"href":"https:\/\/wgphoto.pl\/t\/index.php?rest_route=\/wp\/v2\/posts\/16872","targetHints":{"allow":["GET"]}}],"collection":[{"href":"https:\/\/wgphoto.pl\/t\/index.php?rest_route=\/wp\/v2\/posts"}],"about":[{"href":"https:\/\/wgphoto.pl\/t\/index.php?rest_route=\/wp\/v2\/types\/post"}],"author":[{"embeddable":true,"href":"https:\/\/wgphoto.pl\/t\/index.php?rest_route=\/wp\/v2\/users\/1"}],"replies":[{"embeddable":true,"href":"https:\/\/wgphoto.pl\/t\/index.php?rest_route=%2Fwp%2Fv2%2Fcomments&post=16872"}],"version-history":[{"count":1,"href":"https:\/\/wgphoto.pl\/t\/index.php?rest_route=\/wp\/v2\/posts\/16872\/revisions"}],"predecessor-version":[{"id":16874,"href":"https:\/\/wgphoto.pl\/t\/index.php?rest_route=\/wp\/v2\/posts\/16872\/revisions\/16874"}],"wp:featuredmedia":[{"embeddable":true,"href":"https:\/\/wgphoto.pl\/t\/index.php?rest_route=\/wp\/v2\/media\/16873"}],"wp:attachment":[{"href":"https:\/\/wgphoto.pl\/t\/index.php?rest_route=%2Fwp%2Fv2%2Fmedia&parent=16872"}],"wp:term":[{"taxonomy":"category","embeddable":true,"href":"https:\/\/wgphoto.pl\/t\/index.php?rest_route=%2Fwp%2Fv2%2Fcategories&post=16872"},{"taxonomy":"post_tag","embeddable":true,"href":"https:\/\/wgphoto.pl\/t\/index.php?rest_route=%2Fwp%2Fv2%2Ftags&post=16872"}],"curies":[{"name":"wp","href":"https:\/\/api.w.org\/{rel}","templated":true}]}}