{"id":16876,"date":"2025-05-11T22:58:17","date_gmt":"2025-05-11T20:58:17","guid":{"rendered":"https:\/\/wgphoto.pl\/t\/?p=16876"},"modified":"2025-05-11T22:58:17","modified_gmt":"2025-05-11T20:58:17","slug":"soleilmont","status":"publish","type":"post","link":"https:\/\/wgphoto.pl\/t\/?p=16876","title":{"rendered":"Soleilmont"},"content":{"rendered":"\n<figure class=\"wp-block-image aligncenter size-full\"><img loading=\"lazy\" decoding=\"async\" width=\"1200\" height=\"795\" src=\"https:\/\/wgphoto.pl\/t\/wp-content\/uploads\/2025\/05\/IMGP5002.jpg\" alt=\"\" class=\"wp-image-16877\" srcset=\"https:\/\/wgphoto.pl\/t\/wp-content\/uploads\/2025\/05\/IMGP5002.jpg 1200w, https:\/\/wgphoto.pl\/t\/wp-content\/uploads\/2025\/05\/IMGP5002-300x199.jpg 300w, https:\/\/wgphoto.pl\/t\/wp-content\/uploads\/2025\/05\/IMGP5002-768x509.jpg 768w\" sizes=\"auto, (max-width: 1200px) 100vw, 1200px\" \/><\/figure>\n\n\n\n<div class=\"wp-block-group has-global-padding is-layout-constrained wp-block-group-is-layout-constrained\">\n<p>Wschodni kraniec trasy M4, otwarty do ruchu dopiero w 2013 roku, zorganizowano w formie prawoskr\u0119tnej p\u0119tli, z przesiadk\u0105 drzwi w drzwi do autobus\u00f3w zawracaj\u0105cych wewn\u0105trz p\u0119tli tramwajowej. Z uwagi na widoczne na pierwszym planie skrzy\u017cowanie z drog\u0105 dojazdow\u0105 dla autobus\u00f3w i chodnikiem, sama p\u0119tla klasyfikowana jest jako odcinek &#8222;tramwajowy&#8221;, lecz wysz\u0142o jej to tylko na dobre je\u015bli alternatyw\u0105 mia\u0142aby by\u0107 wielka stacja metra. 08.11.2017<\/p>\n<\/div>\n","protected":false},"excerpt":{"rendered":"<p>Wschodni kraniec trasy M4, otwarty do ruchu dopiero w 2013 roku, zorganizowano w formie prawoskr\u0119tnej p\u0119tli, z przesiadk\u0105 drzwi w drzwi do autobus\u00f3w zawracaj\u0105cych wewn\u0105trz p\u0119tli tramwajowej. Z uwagi na widoczne na pierwszym planie skrzy\u017cowanie z drog\u0105 dojazdow\u0105 dla autobus\u00f3w i chodnikiem, sama p\u0119tla klasyfikowana jest jako odcinek &#8222;tramwajowy&#8221;, lecz wysz\u0142o jej to tylko na [&hellip;]<\/p>\n","protected":false},"author":1,"featured_media":16877,"comment_status":"open","ping_status":"","sticky":false,"template":"","format":"standard","meta":{"footnotes":""},"categories":[368,3],"tags":[2643,695,814,812,13,3768,839],"class_list":["post-16876","post","type-post","status-publish","format-standard","has-post-thumbnail","hentry","category-rok-2017","category-tramwaj","tag-2017-11-08","tag-belgia","tag-bn-lrv","tag-charleroi","tag-deszcz","tag-tec","tag-wakacje-2017"],"_links":{"self":[{"href":"https:\/\/wgphoto.pl\/t\/index.php?rest_route=\/wp\/v2\/posts\/16876","targetHints":{"allow":["GET"]}}],"collection":[{"href":"https:\/\/wgphoto.pl\/t\/index.php?rest_route=\/wp\/v2\/posts"}],"about":[{"href":"https:\/\/wgphoto.pl\/t\/index.php?rest_route=\/wp\/v2\/types\/post"}],"author":[{"embeddable":true,"href":"https:\/\/wgphoto.pl\/t\/index.php?rest_route=\/wp\/v2\/users\/1"}],"replies":[{"embeddable":true,"href":"https:\/\/wgphoto.pl\/t\/index.php?rest_route=%2Fwp%2Fv2%2Fcomments&post=16876"}],"version-history":[{"count":1,"href":"https:\/\/wgphoto.pl\/t\/index.php?rest_route=\/wp\/v2\/posts\/16876\/revisions"}],"predecessor-version":[{"id":16878,"href":"https:\/\/wgphoto.pl\/t\/index.php?rest_route=\/wp\/v2\/posts\/16876\/revisions\/16878"}],"wp:featuredmedia":[{"embeddable":true,"href":"https:\/\/wgphoto.pl\/t\/index.php?rest_route=\/wp\/v2\/media\/16877"}],"wp:attachment":[{"href":"https:\/\/wgphoto.pl\/t\/index.php?rest_route=%2Fwp%2Fv2%2Fmedia&parent=16876"}],"wp:term":[{"taxonomy":"category","embeddable":true,"href":"https:\/\/wgphoto.pl\/t\/index.php?rest_route=%2Fwp%2Fv2%2Fcategories&post=16876"},{"taxonomy":"post_tag","embeddable":true,"href":"https:\/\/wgphoto.pl\/t\/index.php?rest_route=%2Fwp%2Fv2%2Ftags&post=16876"}],"curies":[{"name":"wp","href":"https:\/\/api.w.org\/{rel}","templated":true}]}}