{"id":16879,"date":"2025-05-11T22:59:17","date_gmt":"2025-05-11T20:59:17","guid":{"rendered":"https:\/\/wgphoto.pl\/t\/?p=16879"},"modified":"2025-05-11T22:59:17","modified_gmt":"2025-05-11T20:59:17","slug":"na-bogato","status":"publish","type":"post","link":"https:\/\/wgphoto.pl\/t\/?p=16879","title":{"rendered":"Na bogato"},"content":{"rendered":"\n<figure class=\"wp-block-image aligncenter size-full\"><img loading=\"lazy\" decoding=\"async\" width=\"1200\" height=\"795\" src=\"https:\/\/wgphoto.pl\/t\/wp-content\/uploads\/2025\/05\/IMGP4985.jpg\" alt=\"\" class=\"wp-image-16880\" srcset=\"https:\/\/wgphoto.pl\/t\/wp-content\/uploads\/2025\/05\/IMGP4985.jpg 1200w, https:\/\/wgphoto.pl\/t\/wp-content\/uploads\/2025\/05\/IMGP4985-300x199.jpg 300w, https:\/\/wgphoto.pl\/t\/wp-content\/uploads\/2025\/05\/IMGP4985-768x509.jpg 768w\" sizes=\"auto, (max-width: 1200px) 100vw, 1200px\" \/><\/figure>\n\n\n\n<div class=\"wp-block-group has-global-padding is-layout-constrained wp-block-group-is-layout-constrained\">\n<p>Charleroi, Janson. Ta stacja wygl\u0105da najbardziej &#8222;bogato&#8221; spo\u015br\u00f3d wszystkich tutejszych. Ob\u0142o\u017cone kamieniem \u015bciany zdobi\u0105 wizerunki postaci z belgijskich komiks\u00f3w. 07.11.2017<\/p>\n<\/div>\n","protected":false},"excerpt":{"rendered":"<p>Charleroi, Janson. Ta stacja wygl\u0105da najbardziej &#8222;bogato&#8221; spo\u015br\u00f3d wszystkich tutejszych. Ob\u0142o\u017cone kamieniem \u015bciany zdobi\u0105 wizerunki postaci z belgijskich komiks\u00f3w. 07.11.2017<\/p>\n","protected":false},"author":1,"featured_media":16880,"comment_status":"open","ping_status":"","sticky":false,"template":"","format":"standard","meta":{"footnotes":""},"categories":[4,368,3],"tags":[2267,695,814,812,173,3768,15,839],"class_list":["post-16879","post","type-post","status-publish","format-standard","has-post-thumbnail","hentry","category-metro","category-rok-2017","category-tramwaj","tag-2017-11-07","tag-belgia","tag-bn-lrv","tag-charleroi","tag-koncowki","tag-tec","tag-tunel","tag-wakacje-2017"],"_links":{"self":[{"href":"https:\/\/wgphoto.pl\/t\/index.php?rest_route=\/wp\/v2\/posts\/16879","targetHints":{"allow":["GET"]}}],"collection":[{"href":"https:\/\/wgphoto.pl\/t\/index.php?rest_route=\/wp\/v2\/posts"}],"about":[{"href":"https:\/\/wgphoto.pl\/t\/index.php?rest_route=\/wp\/v2\/types\/post"}],"author":[{"embeddable":true,"href":"https:\/\/wgphoto.pl\/t\/index.php?rest_route=\/wp\/v2\/users\/1"}],"replies":[{"embeddable":true,"href":"https:\/\/wgphoto.pl\/t\/index.php?rest_route=%2Fwp%2Fv2%2Fcomments&post=16879"}],"version-history":[{"count":1,"href":"https:\/\/wgphoto.pl\/t\/index.php?rest_route=\/wp\/v2\/posts\/16879\/revisions"}],"predecessor-version":[{"id":16881,"href":"https:\/\/wgphoto.pl\/t\/index.php?rest_route=\/wp\/v2\/posts\/16879\/revisions\/16881"}],"wp:featuredmedia":[{"embeddable":true,"href":"https:\/\/wgphoto.pl\/t\/index.php?rest_route=\/wp\/v2\/media\/16880"}],"wp:attachment":[{"href":"https:\/\/wgphoto.pl\/t\/index.php?rest_route=%2Fwp%2Fv2%2Fmedia&parent=16879"}],"wp:term":[{"taxonomy":"category","embeddable":true,"href":"https:\/\/wgphoto.pl\/t\/index.php?rest_route=%2Fwp%2Fv2%2Fcategories&post=16879"},{"taxonomy":"post_tag","embeddable":true,"href":"https:\/\/wgphoto.pl\/t\/index.php?rest_route=%2Fwp%2Fv2%2Ftags&post=16879"}],"curies":[{"name":"wp","href":"https:\/\/api.w.org\/{rel}","templated":true}]}}