{"id":16882,"date":"2025-05-11T23:00:21","date_gmt":"2025-05-11T21:00:21","guid":{"rendered":"https:\/\/wgphoto.pl\/t\/?p=16882"},"modified":"2025-05-11T23:00:21","modified_gmt":"2025-05-11T21:00:21","slug":"ujdzie-w-tlumie","status":"publish","type":"post","link":"https:\/\/wgphoto.pl\/t\/?p=16882","title":{"rendered":"Ujdzie w t\u0142umie"},"content":{"rendered":"\n<figure class=\"wp-block-image aligncenter size-full\"><img loading=\"lazy\" decoding=\"async\" width=\"1200\" height=\"795\" src=\"https:\/\/wgphoto.pl\/t\/wp-content\/uploads\/2025\/05\/IMGP4937.jpg\" alt=\"\" class=\"wp-image-16883\" srcset=\"https:\/\/wgphoto.pl\/t\/wp-content\/uploads\/2025\/05\/IMGP4937.jpg 1200w, https:\/\/wgphoto.pl\/t\/wp-content\/uploads\/2025\/05\/IMGP4937-300x199.jpg 300w, https:\/\/wgphoto.pl\/t\/wp-content\/uploads\/2025\/05\/IMGP4937-768x509.jpg 768w\" sizes=\"auto, (max-width: 1200px) 100vw, 1200px\" \/><\/figure>\n\n\n\n<div class=\"wp-block-group has-global-padding is-layout-constrained wp-block-group-is-layout-constrained\">\n<p>Charleroi, Beaux-Arts. Tutejsza stacja w\u0119z\u0142owa, po\u0142\u0105czona z p\u0119tl\u0105 autobusow\u0105 na powierzchni, nawet jako\u015b \u017cyje. Taka liczba ludzi to jak na tutejsze warunki prawdziwy t\u0142um. 07.11.2017<\/p>\n<\/div>\n","protected":false},"excerpt":{"rendered":"<p>Charleroi, Beaux-Arts. Tutejsza stacja w\u0119z\u0142owa, po\u0142\u0105czona z p\u0119tl\u0105 autobusow\u0105 na powierzchni, nawet jako\u015b \u017cyje. Taka liczba ludzi to jak na tutejsze warunki prawdziwy t\u0142um. 07.11.2017<\/p>\n","protected":false},"author":1,"featured_media":16883,"comment_status":"open","ping_status":"","sticky":false,"template":"","format":"standard","meta":{"footnotes":""},"categories":[4,368,3],"tags":[2267,695,814,812,173,3768,15,839],"class_list":["post-16882","post","type-post","status-publish","format-standard","has-post-thumbnail","hentry","category-metro","category-rok-2017","category-tramwaj","tag-2017-11-07","tag-belgia","tag-bn-lrv","tag-charleroi","tag-koncowki","tag-tec","tag-tunel","tag-wakacje-2017"],"_links":{"self":[{"href":"https:\/\/wgphoto.pl\/t\/index.php?rest_route=\/wp\/v2\/posts\/16882","targetHints":{"allow":["GET"]}}],"collection":[{"href":"https:\/\/wgphoto.pl\/t\/index.php?rest_route=\/wp\/v2\/posts"}],"about":[{"href":"https:\/\/wgphoto.pl\/t\/index.php?rest_route=\/wp\/v2\/types\/post"}],"author":[{"embeddable":true,"href":"https:\/\/wgphoto.pl\/t\/index.php?rest_route=\/wp\/v2\/users\/1"}],"replies":[{"embeddable":true,"href":"https:\/\/wgphoto.pl\/t\/index.php?rest_route=%2Fwp%2Fv2%2Fcomments&post=16882"}],"version-history":[{"count":1,"href":"https:\/\/wgphoto.pl\/t\/index.php?rest_route=\/wp\/v2\/posts\/16882\/revisions"}],"predecessor-version":[{"id":16884,"href":"https:\/\/wgphoto.pl\/t\/index.php?rest_route=\/wp\/v2\/posts\/16882\/revisions\/16884"}],"wp:featuredmedia":[{"embeddable":true,"href":"https:\/\/wgphoto.pl\/t\/index.php?rest_route=\/wp\/v2\/media\/16883"}],"wp:attachment":[{"href":"https:\/\/wgphoto.pl\/t\/index.php?rest_route=%2Fwp%2Fv2%2Fmedia&parent=16882"}],"wp:term":[{"taxonomy":"category","embeddable":true,"href":"https:\/\/wgphoto.pl\/t\/index.php?rest_route=%2Fwp%2Fv2%2Fcategories&post=16882"},{"taxonomy":"post_tag","embeddable":true,"href":"https:\/\/wgphoto.pl\/t\/index.php?rest_route=%2Fwp%2Fv2%2Ftags&post=16882"}],"curies":[{"name":"wp","href":"https:\/\/api.w.org\/{rel}","templated":true}]}}