{"id":16888,"date":"2025-05-11T23:02:16","date_gmt":"2025-05-11T21:02:16","guid":{"rendered":"https:\/\/wgphoto.pl\/t\/?p=16888"},"modified":"2025-05-11T23:02:16","modified_gmt":"2025-05-11T21:02:16","slug":"tiruriru-2","status":"publish","type":"post","link":"https:\/\/wgphoto.pl\/t\/?p=16888","title":{"rendered":"Tiruriru"},"content":{"rendered":"\n<figure class=\"wp-block-image aligncenter size-full\"><img loading=\"lazy\" decoding=\"async\" width=\"1300\" height=\"861\" src=\"https:\/\/wgphoto.pl\/t\/wp-content\/uploads\/2025\/05\/IMGP4900-1.jpg\" alt=\"\" class=\"wp-image-16889\" srcset=\"https:\/\/wgphoto.pl\/t\/wp-content\/uploads\/2025\/05\/IMGP4900-1.jpg 1300w, https:\/\/wgphoto.pl\/t\/wp-content\/uploads\/2025\/05\/IMGP4900-1-300x199.jpg 300w, https:\/\/wgphoto.pl\/t\/wp-content\/uploads\/2025\/05\/IMGP4900-1-768x509.jpg 768w\" sizes=\"auto, (max-width: 1300px) 100vw, 1300px\" \/><\/figure>\n\n\n\n<div class=\"wp-block-group has-global-padding is-layout-constrained wp-block-group-is-layout-constrained\">\n<p>Charleroi, Tirou. Domkniecie tramwajowego ringu wok\u00f3\u0142 centrum uda\u0142o si\u0119 zrealizowa\u0107 po wielu latach w formie klasycznego tramwaju jad\u0105cego po powierzchni. 2017-11-07<\/p>\n<\/div>\n","protected":false},"excerpt":{"rendered":"<p>Charleroi, Tirou. Domkniecie tramwajowego ringu wok\u00f3\u0142 centrum uda\u0142o si\u0119 zrealizowa\u0107 po wielu latach w formie klasycznego tramwaju jad\u0105cego po powierzchni. 2017-11-07<\/p>\n","protected":false},"author":1,"featured_media":16889,"comment_status":"open","ping_status":"","sticky":false,"template":"","format":"standard","meta":{"footnotes":""},"categories":[368,3],"tags":[2267,695,814,812,173,3768,839,90],"class_list":["post-16888","post","type-post","status-publish","format-standard","has-post-thumbnail","hentry","category-rok-2017","category-tramwaj","tag-2017-11-07","tag-belgia","tag-bn-lrv","tag-charleroi","tag-koncowki","tag-tec","tag-wakacje-2017","tag-wieczorem"],"_links":{"self":[{"href":"https:\/\/wgphoto.pl\/t\/index.php?rest_route=\/wp\/v2\/posts\/16888","targetHints":{"allow":["GET"]}}],"collection":[{"href":"https:\/\/wgphoto.pl\/t\/index.php?rest_route=\/wp\/v2\/posts"}],"about":[{"href":"https:\/\/wgphoto.pl\/t\/index.php?rest_route=\/wp\/v2\/types\/post"}],"author":[{"embeddable":true,"href":"https:\/\/wgphoto.pl\/t\/index.php?rest_route=\/wp\/v2\/users\/1"}],"replies":[{"embeddable":true,"href":"https:\/\/wgphoto.pl\/t\/index.php?rest_route=%2Fwp%2Fv2%2Fcomments&post=16888"}],"version-history":[{"count":1,"href":"https:\/\/wgphoto.pl\/t\/index.php?rest_route=\/wp\/v2\/posts\/16888\/revisions"}],"predecessor-version":[{"id":16890,"href":"https:\/\/wgphoto.pl\/t\/index.php?rest_route=\/wp\/v2\/posts\/16888\/revisions\/16890"}],"wp:featuredmedia":[{"embeddable":true,"href":"https:\/\/wgphoto.pl\/t\/index.php?rest_route=\/wp\/v2\/media\/16889"}],"wp:attachment":[{"href":"https:\/\/wgphoto.pl\/t\/index.php?rest_route=%2Fwp%2Fv2%2Fmedia&parent=16888"}],"wp:term":[{"taxonomy":"category","embeddable":true,"href":"https:\/\/wgphoto.pl\/t\/index.php?rest_route=%2Fwp%2Fv2%2Fcategories&post=16888"},{"taxonomy":"post_tag","embeddable":true,"href":"https:\/\/wgphoto.pl\/t\/index.php?rest_route=%2Fwp%2Fv2%2Ftags&post=16888"}],"curies":[{"name":"wp","href":"https:\/\/api.w.org\/{rel}","templated":true}]}}