{"id":16900,"date":"2025-05-11T23:06:31","date_gmt":"2025-05-11T21:06:31","guid":{"rendered":"https:\/\/wgphoto.pl\/t\/?p=16900"},"modified":"2025-05-11T23:06:31","modified_gmt":"2025-05-11T21:06:31","slug":"parc-2010","status":"publish","type":"post","link":"https:\/\/wgphoto.pl\/t\/?p=16900","title":{"rendered":"Parc 2010"},"content":{"rendered":"\n<figure class=\"wp-block-image aligncenter size-full\"><img loading=\"lazy\" decoding=\"async\" width=\"1200\" height=\"803\" src=\"https:\/\/wgphoto.pl\/t\/wp-content\/uploads\/2025\/05\/IMGP3327.jpg\" alt=\"\" class=\"wp-image-16901\" srcset=\"https:\/\/wgphoto.pl\/t\/wp-content\/uploads\/2025\/05\/IMGP3327.jpg 1200w, https:\/\/wgphoto.pl\/t\/wp-content\/uploads\/2025\/05\/IMGP3327-300x201.jpg 300w, https:\/\/wgphoto.pl\/t\/wp-content\/uploads\/2025\/05\/IMGP3327-768x514.jpg 768w\" sizes=\"auto, (max-width: 1200px) 100vw, 1200px\" \/><\/figure>\n\n\n\n<div class=\"wp-block-group has-global-padding is-layout-constrained wp-block-group-is-layout-constrained\">\n<p>W 2010 roku by\u0142a to stacja ko\u0144cowa dla dw\u00f3ch linii o numeracji pami\u0119taj\u0105cej czasy \u015bwietno\u015bci tutejszych tramwaj\u00f3w. Dodatkowo trafi\u0142 si\u0119 pojazd w fabrycznym malowaniu. 2010-05-16<\/p>\n<\/div>\n","protected":false},"excerpt":{"rendered":"<p>W 2010 roku by\u0142a to stacja ko\u0144cowa dla dw\u00f3ch linii o numeracji pami\u0119taj\u0105cej czasy \u015bwietno\u015bci tutejszych tramwaj\u00f3w. Dodatkowo trafi\u0142 si\u0119 pojazd w fabrycznym malowaniu. 2010-05-16<\/p>\n","protected":false},"author":1,"featured_media":16901,"comment_status":"open","ping_status":"","sticky":false,"template":"","format":"standard","meta":{"footnotes":""},"categories":[4,86,3],"tags":[815,695,814,812,173,1767,3768,15],"class_list":["post-16900","post","type-post","status-publish","format-standard","has-post-thumbnail","hentry","category-metro","category-rok-2010","category-tramwaj","tag-2010-05-16","tag-belgia","tag-bn-lrv","tag-charleroi","tag-koncowki","tag-porownania","tag-tec","tag-tunel"],"_links":{"self":[{"href":"https:\/\/wgphoto.pl\/t\/index.php?rest_route=\/wp\/v2\/posts\/16900","targetHints":{"allow":["GET"]}}],"collection":[{"href":"https:\/\/wgphoto.pl\/t\/index.php?rest_route=\/wp\/v2\/posts"}],"about":[{"href":"https:\/\/wgphoto.pl\/t\/index.php?rest_route=\/wp\/v2\/types\/post"}],"author":[{"embeddable":true,"href":"https:\/\/wgphoto.pl\/t\/index.php?rest_route=\/wp\/v2\/users\/1"}],"replies":[{"embeddable":true,"href":"https:\/\/wgphoto.pl\/t\/index.php?rest_route=%2Fwp%2Fv2%2Fcomments&post=16900"}],"version-history":[{"count":1,"href":"https:\/\/wgphoto.pl\/t\/index.php?rest_route=\/wp\/v2\/posts\/16900\/revisions"}],"predecessor-version":[{"id":16902,"href":"https:\/\/wgphoto.pl\/t\/index.php?rest_route=\/wp\/v2\/posts\/16900\/revisions\/16902"}],"wp:featuredmedia":[{"embeddable":true,"href":"https:\/\/wgphoto.pl\/t\/index.php?rest_route=\/wp\/v2\/media\/16901"}],"wp:attachment":[{"href":"https:\/\/wgphoto.pl\/t\/index.php?rest_route=%2Fwp%2Fv2%2Fmedia&parent=16900"}],"wp:term":[{"taxonomy":"category","embeddable":true,"href":"https:\/\/wgphoto.pl\/t\/index.php?rest_route=%2Fwp%2Fv2%2Fcategories&post=16900"},{"taxonomy":"post_tag","embeddable":true,"href":"https:\/\/wgphoto.pl\/t\/index.php?rest_route=%2Fwp%2Fv2%2Ftags&post=16900"}],"curies":[{"name":"wp","href":"https:\/\/api.w.org\/{rel}","templated":true}]}}