{"id":16907,"date":"2025-05-12T20:34:23","date_gmt":"2025-05-12T18:34:23","guid":{"rendered":"https:\/\/wgphoto.pl\/t\/?p=16907"},"modified":"2025-05-12T20:34:23","modified_gmt":"2025-05-12T18:34:23","slug":"cieszyn","status":"publish","type":"post","link":"https:\/\/wgphoto.pl\/t\/?p=16907","title":{"rendered":"Cieszyn"},"content":{"rendered":"\n<figure class=\"wp-block-image aligncenter size-full\"><img loading=\"lazy\" decoding=\"async\" width=\"1200\" height=\"800\" src=\"https:\/\/wgphoto.pl\/t\/wp-content\/uploads\/2025\/05\/0412-21.jpg\" alt=\"\" class=\"wp-image-16908\" srcset=\"https:\/\/wgphoto.pl\/t\/wp-content\/uploads\/2025\/05\/0412-21.jpg 1200w, https:\/\/wgphoto.pl\/t\/wp-content\/uploads\/2025\/05\/0412-21-300x200.jpg 300w, https:\/\/wgphoto.pl\/t\/wp-content\/uploads\/2025\/05\/0412-21-768x512.jpg 768w\" sizes=\"auto, (max-width: 1200px) 100vw, 1200px\" \/><\/figure>\n\n\n\n<div class=\"wp-block-group has-global-padding is-layout-constrained wp-block-group-is-layout-constrained\">\n<p>\u0141adny lecz zaniedbany budynek dworca i betonowe lecz niskie i w\u0105skie perony mimo wszystko przywo\u0142uj\u0105 skojarzenia z le\u017c\u0105cymi tu\u017c za granic\u0105 Czechami. Tylko poci\u0105g troch\u0119 nie pasuje. EN57-082 odjedzie jako lokalna osob\u00f3wka nr 9014 do Zebrzydowic. 16.07.2004<\/p>\n<\/div>\n","protected":false},"excerpt":{"rendered":"<p>\u0141adny lecz zaniedbany budynek dworca i betonowe lecz niskie i w\u0105skie perony mimo wszystko przywo\u0142uj\u0105 skojarzenia z le\u017c\u0105cymi tu\u017c za granic\u0105 Czechami. Tylko poci\u0105g troch\u0119 nie pasuje. EN57-082 odjedzie jako lokalna osob\u00f3wka nr 9014 do Zebrzydowic. 16.07.2004<\/p>\n","protected":false},"author":1,"featured_media":16908,"comment_status":"open","ping_status":"","sticky":false,"template":"","format":"standard","meta":{"footnotes":""},"categories":[62,2,61],"tags":[3085,3769,132,63,27,3770],"class_list":["post-16907","post","type-post","status-publish","format-standard","has-post-thumbnail","hentry","category-analog","category-kolej","category-rok-2004","tag-2004-07-16","tag-cieszyn","tag-en57","tag-pkp","tag-polska","tag-tab-pl147"],"_links":{"self":[{"href":"https:\/\/wgphoto.pl\/t\/index.php?rest_route=\/wp\/v2\/posts\/16907","targetHints":{"allow":["GET"]}}],"collection":[{"href":"https:\/\/wgphoto.pl\/t\/index.php?rest_route=\/wp\/v2\/posts"}],"about":[{"href":"https:\/\/wgphoto.pl\/t\/index.php?rest_route=\/wp\/v2\/types\/post"}],"author":[{"embeddable":true,"href":"https:\/\/wgphoto.pl\/t\/index.php?rest_route=\/wp\/v2\/users\/1"}],"replies":[{"embeddable":true,"href":"https:\/\/wgphoto.pl\/t\/index.php?rest_route=%2Fwp%2Fv2%2Fcomments&post=16907"}],"version-history":[{"count":1,"href":"https:\/\/wgphoto.pl\/t\/index.php?rest_route=\/wp\/v2\/posts\/16907\/revisions"}],"predecessor-version":[{"id":16909,"href":"https:\/\/wgphoto.pl\/t\/index.php?rest_route=\/wp\/v2\/posts\/16907\/revisions\/16909"}],"wp:featuredmedia":[{"embeddable":true,"href":"https:\/\/wgphoto.pl\/t\/index.php?rest_route=\/wp\/v2\/media\/16908"}],"wp:attachment":[{"href":"https:\/\/wgphoto.pl\/t\/index.php?rest_route=%2Fwp%2Fv2%2Fmedia&parent=16907"}],"wp:term":[{"taxonomy":"category","embeddable":true,"href":"https:\/\/wgphoto.pl\/t\/index.php?rest_route=%2Fwp%2Fv2%2Fcategories&post=16907"},{"taxonomy":"post_tag","embeddable":true,"href":"https:\/\/wgphoto.pl\/t\/index.php?rest_route=%2Fwp%2Fv2%2Ftags&post=16907"}],"curies":[{"name":"wp","href":"https:\/\/api.w.org\/{rel}","templated":true}]}}