{"id":16916,"date":"2025-05-12T20:36:52","date_gmt":"2025-05-12T18:36:52","guid":{"rendered":"https:\/\/wgphoto.pl\/t\/?p=16916"},"modified":"2025-05-12T20:36:52","modified_gmt":"2025-05-12T18:36:52","slug":"przez-czechowice-dz","status":"publish","type":"post","link":"https:\/\/wgphoto.pl\/t\/?p=16916","title":{"rendered":"Przez Czechowice-Dz."},"content":{"rendered":"\n<figure class=\"wp-block-image aligncenter size-full\"><img loading=\"lazy\" decoding=\"async\" width=\"1200\" height=\"800\" src=\"https:\/\/wgphoto.pl\/t\/wp-content\/uploads\/2025\/05\/0412-24.jpg\" alt=\"\" class=\"wp-image-16917\" srcset=\"https:\/\/wgphoto.pl\/t\/wp-content\/uploads\/2025\/05\/0412-24.jpg 1200w, https:\/\/wgphoto.pl\/t\/wp-content\/uploads\/2025\/05\/0412-24-300x200.jpg 300w, https:\/\/wgphoto.pl\/t\/wp-content\/uploads\/2025\/05\/0412-24-768x512.jpg 768w\" sizes=\"auto, (max-width: 1200px) 100vw, 1200px\" \/><\/figure>\n\n\n\n<div class=\"wp-block-group has-global-padding is-layout-constrained wp-block-group-is-layout-constrained\">\n<p>Bielsko-Bia\u0142a G\u0142\u00f3wna. EU07-136 oczekuje pory odjazdu ze sk\u0142adem 44504 do K\u0119dzierzyna-Ko\u017ala (wagony bezpo\u015brednie do \u015awinouj\u015bcia). Troch\u0119 zabawne, \u017ce nocny poci\u0105g musia\u0142 startowa\u0107 ju\u017c przed godz. 16. Oraz \u017ce jedyn\u0105 stacj\u0105 po\u015bredni\u0105 na kilkusetkilometrowej trasie, jak\u0105 podano na tablicach peronowych, s\u0105 le\u017c\u0105ce tu\u017c obok Czechowice-Dziedzice. 16.07.2004<\/p>\n<\/div>\n","protected":false},"excerpt":{"rendered":"<p>Bielsko-Bia\u0142a G\u0142\u00f3wna. EU07-136 oczekuje pory odjazdu ze sk\u0142adem 44504 do K\u0119dzierzyna-Ko\u017ala (wagony bezpo\u015brednie do \u015awinouj\u015bcia). Troch\u0119 zabawne, \u017ce nocny poci\u0105g musia\u0142 startowa\u0107 ju\u017c przed godz. 16. Oraz \u017ce jedyn\u0105 stacj\u0105 po\u015bredni\u0105 na kilkusetkilometrowej trasie, jak\u0105 podano na tablicach peronowych, s\u0105 le\u017c\u0105ce tu\u017c obok Czechowice-Dziedzice. 16.07.2004<\/p>\n","protected":false},"author":1,"featured_media":16917,"comment_status":"open","ping_status":"","sticky":false,"template":"","format":"standard","meta":{"footnotes":""},"categories":[62,2,61],"tags":[3085,1546,122,63,27,807],"class_list":["post-16916","post","type-post","status-publish","format-standard","has-post-thumbnail","hentry","category-analog","category-kolej","category-rok-2004","tag-2004-07-16","tag-bielsko-biala-glowna","tag-eu07","tag-pkp","tag-polska","tag-tab-pl151"],"_links":{"self":[{"href":"https:\/\/wgphoto.pl\/t\/index.php?rest_route=\/wp\/v2\/posts\/16916","targetHints":{"allow":["GET"]}}],"collection":[{"href":"https:\/\/wgphoto.pl\/t\/index.php?rest_route=\/wp\/v2\/posts"}],"about":[{"href":"https:\/\/wgphoto.pl\/t\/index.php?rest_route=\/wp\/v2\/types\/post"}],"author":[{"embeddable":true,"href":"https:\/\/wgphoto.pl\/t\/index.php?rest_route=\/wp\/v2\/users\/1"}],"replies":[{"embeddable":true,"href":"https:\/\/wgphoto.pl\/t\/index.php?rest_route=%2Fwp%2Fv2%2Fcomments&post=16916"}],"version-history":[{"count":1,"href":"https:\/\/wgphoto.pl\/t\/index.php?rest_route=\/wp\/v2\/posts\/16916\/revisions"}],"predecessor-version":[{"id":16918,"href":"https:\/\/wgphoto.pl\/t\/index.php?rest_route=\/wp\/v2\/posts\/16916\/revisions\/16918"}],"wp:featuredmedia":[{"embeddable":true,"href":"https:\/\/wgphoto.pl\/t\/index.php?rest_route=\/wp\/v2\/media\/16917"}],"wp:attachment":[{"href":"https:\/\/wgphoto.pl\/t\/index.php?rest_route=%2Fwp%2Fv2%2Fmedia&parent=16916"}],"wp:term":[{"taxonomy":"category","embeddable":true,"href":"https:\/\/wgphoto.pl\/t\/index.php?rest_route=%2Fwp%2Fv2%2Fcategories&post=16916"},{"taxonomy":"post_tag","embeddable":true,"href":"https:\/\/wgphoto.pl\/t\/index.php?rest_route=%2Fwp%2Fv2%2Ftags&post=16916"}],"curies":[{"name":"wp","href":"https:\/\/api.w.org\/{rel}","templated":true}]}}