{"id":16931,"date":"2025-05-12T20:41:24","date_gmt":"2025-05-12T18:41:24","guid":{"rendered":"https:\/\/wgphoto.pl\/t\/?p=16931"},"modified":"2025-05-12T20:41:24","modified_gmt":"2025-05-12T18:41:24","slug":"26-komor","status":"publish","type":"post","link":"https:\/\/wgphoto.pl\/t\/?p=16931","title":{"rendered":"26 kom\u00f3r"},"content":{"rendered":"\n<figure class=\"wp-block-image aligncenter size-full\"><img loading=\"lazy\" decoding=\"async\" width=\"695\" height=\"1050\" src=\"https:\/\/wgphoto.pl\/t\/wp-content\/uploads\/2025\/05\/IMGP3405.jpg\" alt=\"\" class=\"wp-image-16932\" srcset=\"https:\/\/wgphoto.pl\/t\/wp-content\/uploads\/2025\/05\/IMGP3405.jpg 695w, https:\/\/wgphoto.pl\/t\/wp-content\/uploads\/2025\/05\/IMGP3405-199x300.jpg 199w\" sizes=\"auto, (max-width: 695px) 100vw, 695px\" \/><\/figure>\n\n\n\n<div class=\"wp-block-group has-global-padding is-layout-constrained wp-block-group-is-layout-constrained\">\n<p>Skromny sygnalizator na skrzy\u017cowaniu Stra\u00dfe der Nationen i Carolastra\u00dfe w Chemnitz. Zdecydowanie nale\u017cy doceni\u0107 to, \u017ce ca\u0142o\u015b\u0107 stoi na jednym s\u0142upie. We Wroc\u0142awiu s\u0142upy by\u0142yby co najmniej trzy (osobno zwrotnica, sygnalizacja komunikacji miejskiej i samochodowa). 2017-09-22<\/p>\n<\/div>\n","protected":false},"excerpt":{"rendered":"<p>Skromny sygnalizator na skrzy\u017cowaniu Stra\u00dfe der Nationen i Carolastra\u00dfe w Chemnitz. Zdecydowanie nale\u017cy doceni\u0107 to, \u017ce ca\u0142o\u015b\u0107 stoi na jednym s\u0142upie. We Wroc\u0142awiu s\u0142upy by\u0142yby co najmniej trzy (osobno zwrotnica, sygnalizacja komunikacji miejskiej i samochodowa). 2017-09-22<\/p>\n","protected":false},"author":1,"featured_media":16932,"comment_status":"open","ping_status":"","sticky":false,"template":"","format":"standard","meta":{"footnotes":""},"categories":[220,128,368,3],"tags":[1525,732,230,23],"class_list":["post-16931","post","type-post","status-publish","format-standard","has-post-thumbnail","hentry","category-blo","category-pionowe","category-rok-2017","category-tramwaj","tag-2017-09-22","tag-chemnitz","tag-infrastruktura","tag-niemcy"],"_links":{"self":[{"href":"https:\/\/wgphoto.pl\/t\/index.php?rest_route=\/wp\/v2\/posts\/16931","targetHints":{"allow":["GET"]}}],"collection":[{"href":"https:\/\/wgphoto.pl\/t\/index.php?rest_route=\/wp\/v2\/posts"}],"about":[{"href":"https:\/\/wgphoto.pl\/t\/index.php?rest_route=\/wp\/v2\/types\/post"}],"author":[{"embeddable":true,"href":"https:\/\/wgphoto.pl\/t\/index.php?rest_route=\/wp\/v2\/users\/1"}],"replies":[{"embeddable":true,"href":"https:\/\/wgphoto.pl\/t\/index.php?rest_route=%2Fwp%2Fv2%2Fcomments&post=16931"}],"version-history":[{"count":1,"href":"https:\/\/wgphoto.pl\/t\/index.php?rest_route=\/wp\/v2\/posts\/16931\/revisions"}],"predecessor-version":[{"id":16933,"href":"https:\/\/wgphoto.pl\/t\/index.php?rest_route=\/wp\/v2\/posts\/16931\/revisions\/16933"}],"wp:featuredmedia":[{"embeddable":true,"href":"https:\/\/wgphoto.pl\/t\/index.php?rest_route=\/wp\/v2\/media\/16932"}],"wp:attachment":[{"href":"https:\/\/wgphoto.pl\/t\/index.php?rest_route=%2Fwp%2Fv2%2Fmedia&parent=16931"}],"wp:term":[{"taxonomy":"category","embeddable":true,"href":"https:\/\/wgphoto.pl\/t\/index.php?rest_route=%2Fwp%2Fv2%2Fcategories&post=16931"},{"taxonomy":"post_tag","embeddable":true,"href":"https:\/\/wgphoto.pl\/t\/index.php?rest_route=%2Fwp%2Fv2%2Ftags&post=16931"}],"curies":[{"name":"wp","href":"https:\/\/api.w.org\/{rel}","templated":true}]}}