{"id":16937,"date":"2025-05-12T20:43:12","date_gmt":"2025-05-12T18:43:12","guid":{"rendered":"https:\/\/wgphoto.pl\/t\/?p=16937"},"modified":"2025-05-12T20:43:12","modified_gmt":"2025-05-12T18:43:12","slug":"czerwone-oczy-z-rana","status":"publish","type":"post","link":"https:\/\/wgphoto.pl\/t\/?p=16937","title":{"rendered":"Czerwone oczy z rana"},"content":{"rendered":"\n<figure class=\"wp-block-image aligncenter size-full\"><img loading=\"lazy\" decoding=\"async\" width=\"1200\" height=\"803\" src=\"https:\/\/wgphoto.pl\/t\/wp-content\/uploads\/2025\/05\/IMGP0294.jpg\" alt=\"\" class=\"wp-image-16938\" srcset=\"https:\/\/wgphoto.pl\/t\/wp-content\/uploads\/2025\/05\/IMGP0294.jpg 1200w, https:\/\/wgphoto.pl\/t\/wp-content\/uploads\/2025\/05\/IMGP0294-300x201.jpg 300w, https:\/\/wgphoto.pl\/t\/wp-content\/uploads\/2025\/05\/IMGP0294-768x514.jpg 768w\" sizes=\"auto, (max-width: 1200px) 100vw, 1200px\" \/><\/figure>\n\n\n\n<div class=\"wp-block-group has-global-padding is-layout-constrained wp-block-group-is-layout-constrained\">\n<p>754 015-6 za chwil\u0119 odjedzie na ko\u0144cu sk\u0142adu poci\u0105gu 38202 relacji Plze\u0148 hl.n. &#8211; Plze\u0148-Valcha (dalej komunikacja zast\u0119pcza do Dob\u0159an i poci\u0105g do \u017delezn\u00e9 Rudy-Al\u017eb\u011bt\u00edna), prowadzonego lokomotyw\u0105 elektryczn\u0105. Planowa\u0142em tym poci\u0105giem jecha\u0107, ale wed\u0142ug exifa foto pope\u0142ni\u0142em minut\u0119 przed odjazdem i w rezultacie nie zd\u0105\u017cy\u0142em si\u0119 zapakowa\u0107. \ud83d\ude09 Sama za\u015b bohaterka zdj\u0119cia, przez prawie 40 lat zwi\u0105zana z rejonem pilzne\u0144skim, kilka miesi\u0119cy po przeniesieniu do Bohum\u00edna w sezonie letnim 2018 r. trafi\u0142a do Polski w ramach dzier\u017cawy przez PKP IC. 14.04.2011<\/p>\n<\/div>\n","protected":false},"excerpt":{"rendered":"<p>754 015-6 za chwil\u0119 odjedzie na ko\u0144cu sk\u0142adu poci\u0105gu 38202 relacji Plze\u0148 hl.n. &#8211; Plze\u0148-Valcha (dalej komunikacja zast\u0119pcza do Dob\u0159an i poci\u0105g do \u017delezn\u00e9 Rudy-Al\u017eb\u011bt\u00edna), prowadzonego lokomotyw\u0105 elektryczn\u0105. Planowa\u0142em tym poci\u0105giem jecha\u0107, ale wed\u0142ug exifa foto pope\u0142ni\u0142em minut\u0119 przed odjazdem i w rezultacie nie zd\u0105\u017cy\u0142em si\u0119 zapakowa\u0107. \ud83d\ude09 Sama za\u015b bohaterka zdj\u0119cia, przez prawie 40 [&hellip;]<\/p>\n","protected":false},"author":1,"featured_media":16938,"comment_status":"open","ping_status":"","sticky":false,"template":"","format":"standard","meta":{"footnotes":""},"categories":[2,77],"tags":[456,335,50,49,173,154,24,1675,1745,522],"class_list":["post-16937","post","type-post","status-publish","format-standard","has-post-thumbnail","hentry","category-kolej","category-rok-2011","tag-2011-04-14","tag-335","tag-cd","tag-czechy","tag-koncowki","tag-noc","tag-perony","tag-pilzno","tag-plzen-hlavni-nadrazi","tag-tab-cz183"],"_links":{"self":[{"href":"https:\/\/wgphoto.pl\/t\/index.php?rest_route=\/wp\/v2\/posts\/16937","targetHints":{"allow":["GET"]}}],"collection":[{"href":"https:\/\/wgphoto.pl\/t\/index.php?rest_route=\/wp\/v2\/posts"}],"about":[{"href":"https:\/\/wgphoto.pl\/t\/index.php?rest_route=\/wp\/v2\/types\/post"}],"author":[{"embeddable":true,"href":"https:\/\/wgphoto.pl\/t\/index.php?rest_route=\/wp\/v2\/users\/1"}],"replies":[{"embeddable":true,"href":"https:\/\/wgphoto.pl\/t\/index.php?rest_route=%2Fwp%2Fv2%2Fcomments&post=16937"}],"version-history":[{"count":1,"href":"https:\/\/wgphoto.pl\/t\/index.php?rest_route=\/wp\/v2\/posts\/16937\/revisions"}],"predecessor-version":[{"id":16939,"href":"https:\/\/wgphoto.pl\/t\/index.php?rest_route=\/wp\/v2\/posts\/16937\/revisions\/16939"}],"wp:featuredmedia":[{"embeddable":true,"href":"https:\/\/wgphoto.pl\/t\/index.php?rest_route=\/wp\/v2\/media\/16938"}],"wp:attachment":[{"href":"https:\/\/wgphoto.pl\/t\/index.php?rest_route=%2Fwp%2Fv2%2Fmedia&parent=16937"}],"wp:term":[{"taxonomy":"category","embeddable":true,"href":"https:\/\/wgphoto.pl\/t\/index.php?rest_route=%2Fwp%2Fv2%2Fcategories&post=16937"},{"taxonomy":"post_tag","embeddable":true,"href":"https:\/\/wgphoto.pl\/t\/index.php?rest_route=%2Fwp%2Fv2%2Ftags&post=16937"}],"curies":[{"name":"wp","href":"https:\/\/api.w.org\/{rel}","templated":true}]}}