{"id":16940,"date":"2025-05-12T20:44:06","date_gmt":"2025-05-12T18:44:06","guid":{"rendered":"https:\/\/wgphoto.pl\/t\/?p=16940"},"modified":"2025-05-12T20:44:06","modified_gmt":"2025-05-12T18:44:06","slug":"363-052-2","status":"publish","type":"post","link":"https:\/\/wgphoto.pl\/t\/?p=16940","title":{"rendered":"363 052-2"},"content":{"rendered":"\n<figure class=\"wp-block-image aligncenter size-full\"><img loading=\"lazy\" decoding=\"async\" width=\"1200\" height=\"803\" src=\"https:\/\/wgphoto.pl\/t\/wp-content\/uploads\/2025\/05\/IMGP0299-1.jpg\" alt=\"\" class=\"wp-image-16941\" srcset=\"https:\/\/wgphoto.pl\/t\/wp-content\/uploads\/2025\/05\/IMGP0299-1.jpg 1200w, https:\/\/wgphoto.pl\/t\/wp-content\/uploads\/2025\/05\/IMGP0299-1-300x201.jpg 300w, https:\/\/wgphoto.pl\/t\/wp-content\/uploads\/2025\/05\/IMGP0299-1-768x514.jpg 768w\" sizes=\"auto, (max-width: 1200px) 100vw, 1200px\" \/><\/figure>\n\n\n\n<div class=\"wp-block-group has-global-padding is-layout-constrained wp-block-group-is-layout-constrained\">\n<p>Poci\u0105g osobowy 7801 do Berouna prowadzony jest lokomotyw\u0105 dwusystemow\u0105, gdy\u017c na tej trasie znajduje si\u0119 jeden z siedmiu punkt\u00f3w zmiany systemu zasilania na kolejowej mapie Czech. Plze\u0148 hl.n. , 14.04.2011<\/p>\n<\/div>\n","protected":false},"excerpt":{"rendered":"<p>Poci\u0105g osobowy 7801 do Berouna prowadzony jest lokomotyw\u0105 dwusystemow\u0105, gdy\u017c na tej trasie znajduje si\u0119 jeden z siedmiu punkt\u00f3w zmiany systemu zasilania na kolejowej mapie Czech. Plze\u0148 hl.n. , 14.04.2011<\/p>\n","protected":false},"author":1,"featured_media":16941,"comment_status":"open","ping_status":"","sticky":false,"template":"","format":"standard","meta":{"footnotes":""},"categories":[2,77],"tags":[456,51,91,50,49,154,1675,1745,176,498],"class_list":["post-16940","post","type-post","status-publish","format-standard","has-post-thumbnail","hentry","category-kolej","category-rok-2011","tag-2011-04-14","tag-51","tag-blue-hour","tag-cd","tag-czechy","tag-noc","tag-pilzno","tag-plzen-hlavni-nadrazi","tag-rano","tag-tab-cz170"],"_links":{"self":[{"href":"https:\/\/wgphoto.pl\/t\/index.php?rest_route=\/wp\/v2\/posts\/16940","targetHints":{"allow":["GET"]}}],"collection":[{"href":"https:\/\/wgphoto.pl\/t\/index.php?rest_route=\/wp\/v2\/posts"}],"about":[{"href":"https:\/\/wgphoto.pl\/t\/index.php?rest_route=\/wp\/v2\/types\/post"}],"author":[{"embeddable":true,"href":"https:\/\/wgphoto.pl\/t\/index.php?rest_route=\/wp\/v2\/users\/1"}],"replies":[{"embeddable":true,"href":"https:\/\/wgphoto.pl\/t\/index.php?rest_route=%2Fwp%2Fv2%2Fcomments&post=16940"}],"version-history":[{"count":1,"href":"https:\/\/wgphoto.pl\/t\/index.php?rest_route=\/wp\/v2\/posts\/16940\/revisions"}],"predecessor-version":[{"id":16942,"href":"https:\/\/wgphoto.pl\/t\/index.php?rest_route=\/wp\/v2\/posts\/16940\/revisions\/16942"}],"wp:featuredmedia":[{"embeddable":true,"href":"https:\/\/wgphoto.pl\/t\/index.php?rest_route=\/wp\/v2\/media\/16941"}],"wp:attachment":[{"href":"https:\/\/wgphoto.pl\/t\/index.php?rest_route=%2Fwp%2Fv2%2Fmedia&parent=16940"}],"wp:term":[{"taxonomy":"category","embeddable":true,"href":"https:\/\/wgphoto.pl\/t\/index.php?rest_route=%2Fwp%2Fv2%2Fcategories&post=16940"},{"taxonomy":"post_tag","embeddable":true,"href":"https:\/\/wgphoto.pl\/t\/index.php?rest_route=%2Fwp%2Fv2%2Ftags&post=16940"}],"curies":[{"name":"wp","href":"https:\/\/api.w.org\/{rel}","templated":true}]}}