{"id":16949,"date":"2025-05-12T20:47:03","date_gmt":"2025-05-12T18:47:03","guid":{"rendered":"https:\/\/wgphoto.pl\/t\/?p=16949"},"modified":"2025-05-12T20:47:03","modified_gmt":"2025-05-12T18:47:03","slug":"decin-vychod","status":"publish","type":"post","link":"https:\/\/wgphoto.pl\/t\/?p=16949","title":{"rendered":"D\u011b\u010d\u00edn v\u00fdchod"},"content":{"rendered":"\n<figure class=\"wp-block-image aligncenter size-full\"><img loading=\"lazy\" decoding=\"async\" width=\"1200\" height=\"800\" src=\"https:\/\/wgphoto.pl\/t\/wp-content\/uploads\/2025\/05\/IMGP3196.jpg\" alt=\"\" class=\"wp-image-16950\" srcset=\"https:\/\/wgphoto.pl\/t\/wp-content\/uploads\/2025\/05\/IMGP3196.jpg 1200w, https:\/\/wgphoto.pl\/t\/wp-content\/uploads\/2025\/05\/IMGP3196-300x200.jpg 300w, https:\/\/wgphoto.pl\/t\/wp-content\/uploads\/2025\/05\/IMGP3196-768x512.jpg 768w\" sizes=\"auto, (max-width: 1200px) 100vw, 1200px\" \/><\/figure>\n\n\n\n<div class=\"wp-block-group has-global-padding is-layout-constrained wp-block-group-is-layout-constrained\">\n<p>Rychlik 11173 z \u00dast\u00ed nad Labem hl.n. sko\u0144czy\u0142 bieg, garstka podr\u00f3\u017cnych przesiad\u0142a si\u0119 do autobusu zast\u0119pczego lub posz\u0142a &#8222;w miasto&#8221;, a ja zosta\u0142em licz\u0105c na chwil\u0119 spokoju przed nast\u0119pnym kursem tego sk\u0142adu. Lokomotywa jednak bardzo szybko si\u0119 urwa\u0142a wi\u0119c uda\u0142o mi si\u0119 zrobi\u0107 tylko to jedno foto. 21.09.2017<\/p>\n<\/div>\n","protected":false},"excerpt":{"rendered":"<p>Rychlik 11173 z \u00dast\u00ed nad Labem hl.n. sko\u0144czy\u0142 bieg, garstka podr\u00f3\u017cnych przesiad\u0142a si\u0119 do autobusu zast\u0119pczego lub posz\u0142a &#8222;w miasto&#8221;, a ja zosta\u0142em licz\u0105c na chwil\u0119 spokoju przed nast\u0119pnym kursem tego sk\u0142adu. Lokomotywa jednak bardzo szybko si\u0119 urwa\u0142a wi\u0119c uda\u0142o mi si\u0119 zrobi\u0107 tylko to jedno foto. 21.09.2017<\/p>\n","protected":false},"author":1,"featured_media":16950,"comment_status":"open","ping_status":"","sticky":false,"template":"","format":"standard","meta":{"footnotes":""},"categories":[2,368],"tags":[2444,656,50,49,2908,154,139,1953,90],"class_list":["post-16949","post","type-post","status-publish","format-standard","has-post-thumbnail","hentry","category-kolej","category-rok-2017","tag-2444","tag-2017-09-21","tag-cd","tag-czechy","tag-decin-vychod","tag-noc","tag-retro","tag-tab-cz081","tag-wieczorem"],"_links":{"self":[{"href":"https:\/\/wgphoto.pl\/t\/index.php?rest_route=\/wp\/v2\/posts\/16949","targetHints":{"allow":["GET"]}}],"collection":[{"href":"https:\/\/wgphoto.pl\/t\/index.php?rest_route=\/wp\/v2\/posts"}],"about":[{"href":"https:\/\/wgphoto.pl\/t\/index.php?rest_route=\/wp\/v2\/types\/post"}],"author":[{"embeddable":true,"href":"https:\/\/wgphoto.pl\/t\/index.php?rest_route=\/wp\/v2\/users\/1"}],"replies":[{"embeddable":true,"href":"https:\/\/wgphoto.pl\/t\/index.php?rest_route=%2Fwp%2Fv2%2Fcomments&post=16949"}],"version-history":[{"count":1,"href":"https:\/\/wgphoto.pl\/t\/index.php?rest_route=\/wp\/v2\/posts\/16949\/revisions"}],"predecessor-version":[{"id":16951,"href":"https:\/\/wgphoto.pl\/t\/index.php?rest_route=\/wp\/v2\/posts\/16949\/revisions\/16951"}],"wp:featuredmedia":[{"embeddable":true,"href":"https:\/\/wgphoto.pl\/t\/index.php?rest_route=\/wp\/v2\/media\/16950"}],"wp:attachment":[{"href":"https:\/\/wgphoto.pl\/t\/index.php?rest_route=%2Fwp%2Fv2%2Fmedia&parent=16949"}],"wp:term":[{"taxonomy":"category","embeddable":true,"href":"https:\/\/wgphoto.pl\/t\/index.php?rest_route=%2Fwp%2Fv2%2Fcategories&post=16949"},{"taxonomy":"post_tag","embeddable":true,"href":"https:\/\/wgphoto.pl\/t\/index.php?rest_route=%2Fwp%2Fv2%2Ftags&post=16949"}],"curies":[{"name":"wp","href":"https:\/\/api.w.org\/{rel}","templated":true}]}}