{"id":16952,"date":"2025-05-13T18:52:07","date_gmt":"2025-05-13T16:52:07","guid":{"rendered":"https:\/\/wgphoto.pl\/t\/?p=16952"},"modified":"2025-08-23T16:15:29","modified_gmt":"2025-08-23T14:15:29","slug":"swiatlo-i-cien","status":"publish","type":"post","link":"https:\/\/wgphoto.pl\/t\/?p=16952","title":{"rendered":"\u015awiat\u0142o i cie\u0144"},"content":{"rendered":"\n<figure class=\"wp-block-image aligncenter size-full\"><img loading=\"lazy\" decoding=\"async\" width=\"1200\" height=\"803\" src=\"https:\/\/wgphoto.pl\/t\/wp-content\/uploads\/2025\/05\/IMGP6895.jpg\" alt=\"\" class=\"wp-image-16953\" srcset=\"https:\/\/wgphoto.pl\/t\/wp-content\/uploads\/2025\/05\/IMGP6895.jpg 1200w, https:\/\/wgphoto.pl\/t\/wp-content\/uploads\/2025\/05\/IMGP6895-300x201.jpg 300w, https:\/\/wgphoto.pl\/t\/wp-content\/uploads\/2025\/05\/IMGP6895-768x514.jpg 768w\" sizes=\"auto, (max-width: 1200px) 100vw, 1200px\" \/><\/figure>\n\n\n\n<div class=\"wp-block-group has-global-padding is-layout-constrained wp-block-group-is-layout-constrained\">\n<p>SU42-527 prowadzi poci\u0105g osobowy relacji Olsztyn &#8211; E\u0142k. Sk\u0142ad zaraz przetnie drog\u0119 wojew\u00f3dzk\u0105 655 w Siedliskach. Chmury w tym miejscu nie chcia\u0142y wsp\u00f3\u0142pracowa\u0107 i o ile domek jest w s\u0142o\u0144cu, to lokomotywa w\u0142a\u015bciwie ju\u017c w cieniu. 13.07.2009<\/p>\n<\/div>\n","protected":false},"excerpt":{"rendered":"<p>SU42-527 prowadzi poci\u0105g osobowy relacji Olsztyn &#8211; E\u0142k. Sk\u0142ad zaraz przetnie drog\u0119 wojew\u00f3dzk\u0105 655 w Siedliskach. Chmury w tym miejscu nie chcia\u0142y wsp\u00f3\u0142pracowa\u0107 i o ile domek jest w s\u0142o\u0144cu, to lokomotywa w\u0142a\u015bciwie ju\u017c w cieniu. 13.07.2009<\/p>\n","protected":false},"author":1,"featured_media":16953,"comment_status":"open","ping_status":"","sticky":false,"template":"","format":"standard","meta":{"footnotes":""},"categories":[2,169],"tags":[541,63,27,3162,250,322,533],"class_list":["post-16952","post","type-post","status-publish","format-standard","has-post-thumbnail","hentry","category-kolej","category-rok-2009","tag-2009-07-13","tag-pkp","tag-polska","tag-siedliska","tag-su42","tag-tab-pl510","tag-z-sokolki-do-mlynar-2009"],"_links":{"self":[{"href":"https:\/\/wgphoto.pl\/t\/index.php?rest_route=\/wp\/v2\/posts\/16952","targetHints":{"allow":["GET"]}}],"collection":[{"href":"https:\/\/wgphoto.pl\/t\/index.php?rest_route=\/wp\/v2\/posts"}],"about":[{"href":"https:\/\/wgphoto.pl\/t\/index.php?rest_route=\/wp\/v2\/types\/post"}],"author":[{"embeddable":true,"href":"https:\/\/wgphoto.pl\/t\/index.php?rest_route=\/wp\/v2\/users\/1"}],"replies":[{"embeddable":true,"href":"https:\/\/wgphoto.pl\/t\/index.php?rest_route=%2Fwp%2Fv2%2Fcomments&post=16952"}],"version-history":[{"count":1,"href":"https:\/\/wgphoto.pl\/t\/index.php?rest_route=\/wp\/v2\/posts\/16952\/revisions"}],"predecessor-version":[{"id":16954,"href":"https:\/\/wgphoto.pl\/t\/index.php?rest_route=\/wp\/v2\/posts\/16952\/revisions\/16954"}],"wp:featuredmedia":[{"embeddable":true,"href":"https:\/\/wgphoto.pl\/t\/index.php?rest_route=\/wp\/v2\/media\/16953"}],"wp:attachment":[{"href":"https:\/\/wgphoto.pl\/t\/index.php?rest_route=%2Fwp%2Fv2%2Fmedia&parent=16952"}],"wp:term":[{"taxonomy":"category","embeddable":true,"href":"https:\/\/wgphoto.pl\/t\/index.php?rest_route=%2Fwp%2Fv2%2Fcategories&post=16952"},{"taxonomy":"post_tag","embeddable":true,"href":"https:\/\/wgphoto.pl\/t\/index.php?rest_route=%2Fwp%2Fv2%2Ftags&post=16952"}],"curies":[{"name":"wp","href":"https:\/\/api.w.org\/{rel}","templated":true}]}}