{"id":16955,"date":"2025-05-13T18:52:55","date_gmt":"2025-05-13T16:52:55","guid":{"rendered":"https:\/\/wgphoto.pl\/t\/?p=16955"},"modified":"2025-05-13T18:52:55","modified_gmt":"2025-05-13T16:52:55","slug":"laweczka-2","status":"publish","type":"post","link":"https:\/\/wgphoto.pl\/t\/?p=16955","title":{"rendered":"\u0141aweczka"},"content":{"rendered":"\n<figure class=\"wp-block-image aligncenter size-full\"><img loading=\"lazy\" decoding=\"async\" width=\"1200\" height=\"803\" src=\"https:\/\/wgphoto.pl\/t\/wp-content\/uploads\/2025\/05\/IMGP6936.jpg\" alt=\"\" class=\"wp-image-16956\" srcset=\"https:\/\/wgphoto.pl\/t\/wp-content\/uploads\/2025\/05\/IMGP6936.jpg 1200w, https:\/\/wgphoto.pl\/t\/wp-content\/uploads\/2025\/05\/IMGP6936-300x201.jpg 300w, https:\/\/wgphoto.pl\/t\/wp-content\/uploads\/2025\/05\/IMGP6936-768x514.jpg 768w\" sizes=\"auto, (max-width: 1200px) 100vw, 1200px\" \/><\/figure>\n\n\n\n<div class=\"wp-block-group has-global-padding is-layout-constrained wp-block-group-is-layout-constrained\">\n<p>Poci\u0105g osobowy z E\u0142ku do Olsztyna, prowadzony SU42-503, odje\u017cd\u017ca ze Ster\u0142awek Wielkich. Na takiej stacji, w przerwie mi\u0119dzy poci\u0105gami, relaks na takiej \u0142aweczce w cieniu drzewa, i to w godzinach pracy, to musi by\u0107 czysta przyjemno\u015b\u0107. \ud83d\ude09 13.07.2009<\/p>\n<\/div>\n","protected":false},"excerpt":{"rendered":"<p>Poci\u0105g osobowy z E\u0142ku do Olsztyna, prowadzony SU42-503, odje\u017cd\u017ca ze Ster\u0142awek Wielkich. Na takiej stacji, w przerwie mi\u0119dzy poci\u0105gami, relaks na takiej \u0142aweczce w cieniu drzewa, i to w godzinach pracy, to musi by\u0107 czysta przyjemno\u015b\u0107. \ud83d\ude09 13.07.2009<\/p>\n","protected":false},"author":1,"featured_media":16956,"comment_status":"open","ping_status":"","sticky":false,"template":"","format":"standard","meta":{"footnotes":""},"categories":[2,169],"tags":[541,63,27,1391,250,53,322],"class_list":["post-16955","post","type-post","status-publish","format-standard","has-post-thumbnail","hentry","category-kolej","category-rok-2009","tag-2009-07-13","tag-pkp","tag-polska","tag-sterlawki-wielkie","tag-su42","tag-sygnalizacja-ksztaltowa","tag-tab-pl510"],"_links":{"self":[{"href":"https:\/\/wgphoto.pl\/t\/index.php?rest_route=\/wp\/v2\/posts\/16955","targetHints":{"allow":["GET"]}}],"collection":[{"href":"https:\/\/wgphoto.pl\/t\/index.php?rest_route=\/wp\/v2\/posts"}],"about":[{"href":"https:\/\/wgphoto.pl\/t\/index.php?rest_route=\/wp\/v2\/types\/post"}],"author":[{"embeddable":true,"href":"https:\/\/wgphoto.pl\/t\/index.php?rest_route=\/wp\/v2\/users\/1"}],"replies":[{"embeddable":true,"href":"https:\/\/wgphoto.pl\/t\/index.php?rest_route=%2Fwp%2Fv2%2Fcomments&post=16955"}],"version-history":[{"count":1,"href":"https:\/\/wgphoto.pl\/t\/index.php?rest_route=\/wp\/v2\/posts\/16955\/revisions"}],"predecessor-version":[{"id":16957,"href":"https:\/\/wgphoto.pl\/t\/index.php?rest_route=\/wp\/v2\/posts\/16955\/revisions\/16957"}],"wp:featuredmedia":[{"embeddable":true,"href":"https:\/\/wgphoto.pl\/t\/index.php?rest_route=\/wp\/v2\/media\/16956"}],"wp:attachment":[{"href":"https:\/\/wgphoto.pl\/t\/index.php?rest_route=%2Fwp%2Fv2%2Fmedia&parent=16955"}],"wp:term":[{"taxonomy":"category","embeddable":true,"href":"https:\/\/wgphoto.pl\/t\/index.php?rest_route=%2Fwp%2Fv2%2Fcategories&post=16955"},{"taxonomy":"post_tag","embeddable":true,"href":"https:\/\/wgphoto.pl\/t\/index.php?rest_route=%2Fwp%2Fv2%2Ftags&post=16955"}],"curies":[{"name":"wp","href":"https:\/\/api.w.org\/{rel}","templated":true}]}}