{"id":16958,"date":"2025-05-13T18:53:57","date_gmt":"2025-05-13T16:53:57","guid":{"rendered":"https:\/\/wgphoto.pl\/t\/?p=16958"},"modified":"2025-05-13T18:53:57","modified_gmt":"2025-05-13T16:53:57","slug":"marciszow","status":"publish","type":"post","link":"https:\/\/wgphoto.pl\/t\/?p=16958","title":{"rendered":"Marcisz\u00f3w"},"content":{"rendered":"\n<figure class=\"wp-block-image aligncenter size-full\"><img loading=\"lazy\" decoding=\"async\" width=\"1200\" height=\"795\" src=\"https:\/\/wgphoto.pl\/t\/wp-content\/uploads\/2025\/05\/IMGP1477.jpg\" alt=\"\" class=\"wp-image-16959\" srcset=\"https:\/\/wgphoto.pl\/t\/wp-content\/uploads\/2025\/05\/IMGP1477.jpg 1200w, https:\/\/wgphoto.pl\/t\/wp-content\/uploads\/2025\/05\/IMGP1477-300x199.jpg 300w, https:\/\/wgphoto.pl\/t\/wp-content\/uploads\/2025\/05\/IMGP1477-768x509.jpg 768w\" sizes=\"auto, (max-width: 1200px) 100vw, 1200px\" \/><\/figure>\n\n\n\n<div class=\"wp-block-group has-global-padding is-layout-constrained wp-block-group-is-layout-constrained\">\n<p>Poci\u0105g 67900 &#8222;Kamie\u0144czyk&#8221; ze Szklarskiej Por\u0119by G\u00f3rnej do Poznania G\u0142\u00f3wnego odje\u017cd\u017ca z Marciszowa. S\u0142up\u00f3w na linii strza\u0142u sta\u0142o miliard (zobaczcie ile kolejowego \u015bmiecia tutaj stoi &#8211; s\u0142up\u00f3w, latar\u0144, semafor\u00f3w i powtarzaczy), s\u0142o\u0144ce na niebie walczy\u0142o z chmurami, a przejrzysto\u015b\u0107 nie by\u0142a najlepsza, mimo \u017ce pogoda z rana zapowiada\u0142a si\u0119 nieco lepiej, ale co\u015b tam wysz\u0142o. \ud83d\ude09 2018-10-07<\/p>\n<\/div>\n","protected":false},"excerpt":{"rendered":"<p>Poci\u0105g 67900 &#8222;Kamie\u0144czyk&#8221; ze Szklarskiej Por\u0119by G\u00f3rnej do Poznania G\u0142\u00f3wnego odje\u017cd\u017ca z Marciszowa. S\u0142up\u00f3w na linii strza\u0142u sta\u0142o miliard (zobaczcie ile kolejowego \u015bmiecia tutaj stoi &#8211; s\u0142up\u00f3w, latar\u0144, semafor\u00f3w i powtarzaczy), s\u0142o\u0144ce na niebie walczy\u0142o z chmurami, a przejrzysto\u015b\u0107 nie by\u0142a najlepsza, mimo \u017ce pogoda z rana zapowiada\u0142a si\u0119 nieco lepiej, ale co\u015b tam wysz\u0142o. [&hellip;]<\/p>\n","protected":false},"author":1,"featured_media":16959,"comment_status":"open","ping_status":"","sticky":false,"template":"","format":"standard","meta":{"footnotes":""},"categories":[2,156],"tags":[1881,124,114,126,113,83,63,27,200],"class_list":["post-16958","post","type-post","status-publish","format-standard","has-post-thumbnail","hentry","category-kolej","category-rok-2018","tag-2018-10-07","tag-ep07","tag-gory","tag-jesien","tag-landszaft","tag-marciszow","tag-pkp","tag-polska","tag-tab-pl240"],"_links":{"self":[{"href":"https:\/\/wgphoto.pl\/t\/index.php?rest_route=\/wp\/v2\/posts\/16958","targetHints":{"allow":["GET"]}}],"collection":[{"href":"https:\/\/wgphoto.pl\/t\/index.php?rest_route=\/wp\/v2\/posts"}],"about":[{"href":"https:\/\/wgphoto.pl\/t\/index.php?rest_route=\/wp\/v2\/types\/post"}],"author":[{"embeddable":true,"href":"https:\/\/wgphoto.pl\/t\/index.php?rest_route=\/wp\/v2\/users\/1"}],"replies":[{"embeddable":true,"href":"https:\/\/wgphoto.pl\/t\/index.php?rest_route=%2Fwp%2Fv2%2Fcomments&post=16958"}],"version-history":[{"count":1,"href":"https:\/\/wgphoto.pl\/t\/index.php?rest_route=\/wp\/v2\/posts\/16958\/revisions"}],"predecessor-version":[{"id":16960,"href":"https:\/\/wgphoto.pl\/t\/index.php?rest_route=\/wp\/v2\/posts\/16958\/revisions\/16960"}],"wp:featuredmedia":[{"embeddable":true,"href":"https:\/\/wgphoto.pl\/t\/index.php?rest_route=\/wp\/v2\/media\/16959"}],"wp:attachment":[{"href":"https:\/\/wgphoto.pl\/t\/index.php?rest_route=%2Fwp%2Fv2%2Fmedia&parent=16958"}],"wp:term":[{"taxonomy":"category","embeddable":true,"href":"https:\/\/wgphoto.pl\/t\/index.php?rest_route=%2Fwp%2Fv2%2Fcategories&post=16958"},{"taxonomy":"post_tag","embeddable":true,"href":"https:\/\/wgphoto.pl\/t\/index.php?rest_route=%2Fwp%2Fv2%2Ftags&post=16958"}],"curies":[{"name":"wp","href":"https:\/\/api.w.org\/{rel}","templated":true}]}}