{"id":16961,"date":"2025-05-13T18:54:53","date_gmt":"2025-05-13T16:54:53","guid":{"rendered":"https:\/\/wgphoto.pl\/t\/?p=16961"},"modified":"2025-05-13T18:54:53","modified_gmt":"2025-05-13T16:54:53","slug":"wieczorne-pieknosci","status":"publish","type":"post","link":"https:\/\/wgphoto.pl\/t\/?p=16961","title":{"rendered":"Wieczorne pi\u0119kno\u015bci"},"content":{"rendered":"\n<figure class=\"wp-block-image aligncenter size-full\"><img loading=\"lazy\" decoding=\"async\" width=\"1300\" height=\"867\" src=\"https:\/\/wgphoto.pl\/t\/wp-content\/uploads\/2025\/05\/IMGP4650.jpg\" alt=\"\" class=\"wp-image-16962\" srcset=\"https:\/\/wgphoto.pl\/t\/wp-content\/uploads\/2025\/05\/IMGP4650.jpg 1300w, https:\/\/wgphoto.pl\/t\/wp-content\/uploads\/2025\/05\/IMGP4650-300x200.jpg 300w, https:\/\/wgphoto.pl\/t\/wp-content\/uploads\/2025\/05\/IMGP4650-768x512.jpg 768w\" sizes=\"auto, (max-width: 1300px) 100vw, 1300px\" \/><\/figure>\n\n\n\n<div class=\"wp-block-group has-global-padding is-layout-constrained wp-block-group-is-layout-constrained\">\n<p>Turyn, Via Pietro Micca. Wiem \u017ce tramwaj troch\u0119 daleko, ale w tych ciemno\u015bciach nie by\u0142o szans na foto w ruchu, a przecie\u017c plener z tymi kamienicami jest przecudowny! W Turynie mo\u017cna odzyska\u0107 wiar\u0119 w pi\u0119kno w\u0142oskiej architektury. 2017-10-22<\/p>\n<\/div>\n","protected":false},"excerpt":{"rendered":"<p>Turyn, Via Pietro Micca. Wiem \u017ce tramwaj troch\u0119 daleko, ale w tych ciemno\u015bciach nie by\u0142o szans na foto w ruchu, a przecie\u017c plener z tymi kamienicami jest przecudowny! W Turynie mo\u017cna odzyska\u0107 wiar\u0119 w pi\u0119kno w\u0142oskiej architektury. 2017-10-22<\/p>\n","protected":false},"author":1,"featured_media":16962,"comment_status":"open","ping_status":"","sticky":false,"template":"","format":"standard","meta":{"footnotes":""},"categories":[368,3],"tags":[1318,34,1316,832,154,1317,90,110],"class_list":["post-16961","post","type-post","status-publish","format-standard","has-post-thumbnail","hentry","category-rok-2017","category-tramwaj","tag-2017-10-22","tag-architektura","tag-gtt-torino","tag-mediolan-2017","tag-noc","tag-turyn","tag-wieczorem","tag-wlochy"],"_links":{"self":[{"href":"https:\/\/wgphoto.pl\/t\/index.php?rest_route=\/wp\/v2\/posts\/16961","targetHints":{"allow":["GET"]}}],"collection":[{"href":"https:\/\/wgphoto.pl\/t\/index.php?rest_route=\/wp\/v2\/posts"}],"about":[{"href":"https:\/\/wgphoto.pl\/t\/index.php?rest_route=\/wp\/v2\/types\/post"}],"author":[{"embeddable":true,"href":"https:\/\/wgphoto.pl\/t\/index.php?rest_route=\/wp\/v2\/users\/1"}],"replies":[{"embeddable":true,"href":"https:\/\/wgphoto.pl\/t\/index.php?rest_route=%2Fwp%2Fv2%2Fcomments&post=16961"}],"version-history":[{"count":1,"href":"https:\/\/wgphoto.pl\/t\/index.php?rest_route=\/wp\/v2\/posts\/16961\/revisions"}],"predecessor-version":[{"id":16963,"href":"https:\/\/wgphoto.pl\/t\/index.php?rest_route=\/wp\/v2\/posts\/16961\/revisions\/16963"}],"wp:featuredmedia":[{"embeddable":true,"href":"https:\/\/wgphoto.pl\/t\/index.php?rest_route=\/wp\/v2\/media\/16962"}],"wp:attachment":[{"href":"https:\/\/wgphoto.pl\/t\/index.php?rest_route=%2Fwp%2Fv2%2Fmedia&parent=16961"}],"wp:term":[{"taxonomy":"category","embeddable":true,"href":"https:\/\/wgphoto.pl\/t\/index.php?rest_route=%2Fwp%2Fv2%2Fcategories&post=16961"},{"taxonomy":"post_tag","embeddable":true,"href":"https:\/\/wgphoto.pl\/t\/index.php?rest_route=%2Fwp%2Fv2%2Ftags&post=16961"}],"curies":[{"name":"wp","href":"https:\/\/api.w.org\/{rel}","templated":true}]}}