{"id":16967,"date":"2025-05-13T18:56:36","date_gmt":"2025-05-13T16:56:36","guid":{"rendered":"https:\/\/wgphoto.pl\/t\/?p=16967"},"modified":"2025-12-21T20:25:15","modified_gmt":"2025-12-21T19:25:15","slug":"trzy-minuty-3","status":"publish","type":"post","link":"https:\/\/wgphoto.pl\/t\/?p=16967","title":{"rendered":"Trzy minuty"},"content":{"rendered":"\n<figure class=\"wp-block-image aligncenter size-full\"><img loading=\"lazy\" decoding=\"async\" width=\"1200\" height=\"795\" src=\"https:\/\/wgphoto.pl\/t\/wp-content\/uploads\/2025\/05\/IMGP1289.jpg\" alt=\"\" class=\"wp-image-16968\" srcset=\"https:\/\/wgphoto.pl\/t\/wp-content\/uploads\/2025\/05\/IMGP1289.jpg 1200w, https:\/\/wgphoto.pl\/t\/wp-content\/uploads\/2025\/05\/IMGP1289-300x199.jpg 300w, https:\/\/wgphoto.pl\/t\/wp-content\/uploads\/2025\/05\/IMGP1289-768x509.jpg 768w\" sizes=\"auto, (max-width: 1200px) 100vw, 1200px\" \/><\/figure>\n\n\n\n<div class=\"wp-block-group has-global-padding is-layout-constrained wp-block-group-is-layout-constrained\">\n<p>Wroc\u0142aw, p\u0119tla Kowale. Pomys\u0142 z d\u0142ugimi czasami na\u015bwietlania wymaga jeszcze dopracowania. B\u0119d\u0119 musia\u0142 poprosi\u0107 planist\u0119 o sz\u00f3steczk\u0119, bo Kowale to jedyna p\u0119tla, gdzie mo\u017cna zaparkowa\u0107 bez \u017cadnej latarni w kadrze. 2018-09-29<\/p>\n<\/div>\n","protected":false},"excerpt":{"rendered":"<p>Wroc\u0142aw, p\u0119tla Kowale. Pomys\u0142 z d\u0142ugimi czasami na\u015bwietlania wymaga jeszcze dopracowania. B\u0119d\u0119 musia\u0142 poprosi\u0107 planist\u0119 o sz\u00f3steczk\u0119, bo Kowale to jedyna p\u0119tla, gdzie mo\u017cna zaparkowa\u0107 bez \u017cadnej latarni w kadrze. 2018-09-29<\/p>\n","protected":false},"author":1,"featured_media":16968,"comment_status":"open","ping_status":"","sticky":false,"template":"","format":"standard","meta":{"footnotes":""},"categories":[156,3],"tags":[3773,4604,501,42,154,27,439,41],"class_list":["post-16967","post","type-post","status-publish","format-standard","has-post-thumbnail","hentry","category-rok-2018","category-tramwaj","tag-2018-09-29","tag-mf24ac","tag-moderus-beta","tag-mpk-wroclaw","tag-noc","tag-polska","tag-we-fabryce","tag-wroclaw"],"_links":{"self":[{"href":"https:\/\/wgphoto.pl\/t\/index.php?rest_route=\/wp\/v2\/posts\/16967","targetHints":{"allow":["GET"]}}],"collection":[{"href":"https:\/\/wgphoto.pl\/t\/index.php?rest_route=\/wp\/v2\/posts"}],"about":[{"href":"https:\/\/wgphoto.pl\/t\/index.php?rest_route=\/wp\/v2\/types\/post"}],"author":[{"embeddable":true,"href":"https:\/\/wgphoto.pl\/t\/index.php?rest_route=\/wp\/v2\/users\/1"}],"replies":[{"embeddable":true,"href":"https:\/\/wgphoto.pl\/t\/index.php?rest_route=%2Fwp%2Fv2%2Fcomments&post=16967"}],"version-history":[{"count":1,"href":"https:\/\/wgphoto.pl\/t\/index.php?rest_route=\/wp\/v2\/posts\/16967\/revisions"}],"predecessor-version":[{"id":16969,"href":"https:\/\/wgphoto.pl\/t\/index.php?rest_route=\/wp\/v2\/posts\/16967\/revisions\/16969"}],"wp:featuredmedia":[{"embeddable":true,"href":"https:\/\/wgphoto.pl\/t\/index.php?rest_route=\/wp\/v2\/media\/16968"}],"wp:attachment":[{"href":"https:\/\/wgphoto.pl\/t\/index.php?rest_route=%2Fwp%2Fv2%2Fmedia&parent=16967"}],"wp:term":[{"taxonomy":"category","embeddable":true,"href":"https:\/\/wgphoto.pl\/t\/index.php?rest_route=%2Fwp%2Fv2%2Fcategories&post=16967"},{"taxonomy":"post_tag","embeddable":true,"href":"https:\/\/wgphoto.pl\/t\/index.php?rest_route=%2Fwp%2Fv2%2Ftags&post=16967"}],"curies":[{"name":"wp","href":"https:\/\/api.w.org\/{rel}","templated":true}]}}