{"id":16970,"date":"2025-05-13T18:57:30","date_gmt":"2025-05-13T16:57:30","guid":{"rendered":"https:\/\/wgphoto.pl\/t\/?p=16970"},"modified":"2025-05-13T18:57:30","modified_gmt":"2025-05-13T16:57:30","slug":"szerokie-spojrzenie-2","status":"publish","type":"post","link":"https:\/\/wgphoto.pl\/t\/?p=16970","title":{"rendered":"Szerokie spojrzenie"},"content":{"rendered":"\n<figure class=\"wp-block-image aligncenter size-full\"><img loading=\"lazy\" decoding=\"async\" width=\"1200\" height=\"800\" src=\"https:\/\/wgphoto.pl\/t\/wp-content\/uploads\/2025\/05\/0819-01.jpg\" alt=\"\" class=\"wp-image-16971\" srcset=\"https:\/\/wgphoto.pl\/t\/wp-content\/uploads\/2025\/05\/0819-01.jpg 1200w, https:\/\/wgphoto.pl\/t\/wp-content\/uploads\/2025\/05\/0819-01-300x200.jpg 300w, https:\/\/wgphoto.pl\/t\/wp-content\/uploads\/2025\/05\/0819-01-768x512.jpg 768w\" sizes=\"auto, (max-width: 1200px) 100vw, 1200px\" \/><\/figure>\n\n\n\n<div class=\"wp-block-group has-global-padding is-layout-constrained wp-block-group-is-layout-constrained\">\n<p>Wroc\u0142aw, ul. Powsta\u0144c\u00f3w \u015al\u0105skich. Bardzo lubi\u0119 na zdj\u0119ciach (g\u0142\u00f3wnie cudzych, bo mi samemu rzadko udaje si\u0119 uzyska\u0107 taki efekt) szerokie spojrzenia, cho\u0107 wykonane za pomoc\u0105 teleobiektywu. Wymagaj\u0105 one czystej przestrzeni, o co raczej trudno w miastach, cho\u0107 tutaj akurat si\u0119 uda\u0142o nawet na takiej ruchliwej ulicy. 08.10.2008<\/p>\n<\/div>\n","protected":false},"excerpt":{"rendered":"<p>Wroc\u0142aw, ul. Powsta\u0144c\u00f3w \u015al\u0105skich. Bardzo lubi\u0119 na zdj\u0119ciach (g\u0142\u00f3wnie cudzych, bo mi samemu rzadko udaje si\u0119 uzyska\u0107 taki efekt) szerokie spojrzenia, cho\u0107 wykonane za pomoc\u0105 teleobiektywu. Wymagaj\u0105 one czystej przestrzeni, o co raczej trudno w miastach, cho\u0107 tutaj akurat si\u0119 uda\u0142o nawet na takiej ruchliwej ulicy. 08.10.2008<\/p>\n","protected":false},"author":1,"featured_media":16971,"comment_status":"open","ping_status":"","sticky":false,"template":"","format":"standard","meta":{"footnotes":""},"categories":[62,120,3],"tags":[155,3774,126,42,27,41],"class_list":["post-16970","post","type-post","status-publish","format-standard","has-post-thumbnail","hentry","category-analog","category-rok-2008","category-tramwaj","tag-105na","tag-2008-10-08","tag-jesien","tag-mpk-wroclaw","tag-polska","tag-wroclaw"],"_links":{"self":[{"href":"https:\/\/wgphoto.pl\/t\/index.php?rest_route=\/wp\/v2\/posts\/16970","targetHints":{"allow":["GET"]}}],"collection":[{"href":"https:\/\/wgphoto.pl\/t\/index.php?rest_route=\/wp\/v2\/posts"}],"about":[{"href":"https:\/\/wgphoto.pl\/t\/index.php?rest_route=\/wp\/v2\/types\/post"}],"author":[{"embeddable":true,"href":"https:\/\/wgphoto.pl\/t\/index.php?rest_route=\/wp\/v2\/users\/1"}],"replies":[{"embeddable":true,"href":"https:\/\/wgphoto.pl\/t\/index.php?rest_route=%2Fwp%2Fv2%2Fcomments&post=16970"}],"version-history":[{"count":1,"href":"https:\/\/wgphoto.pl\/t\/index.php?rest_route=\/wp\/v2\/posts\/16970\/revisions"}],"predecessor-version":[{"id":16972,"href":"https:\/\/wgphoto.pl\/t\/index.php?rest_route=\/wp\/v2\/posts\/16970\/revisions\/16972"}],"wp:featuredmedia":[{"embeddable":true,"href":"https:\/\/wgphoto.pl\/t\/index.php?rest_route=\/wp\/v2\/media\/16971"}],"wp:attachment":[{"href":"https:\/\/wgphoto.pl\/t\/index.php?rest_route=%2Fwp%2Fv2%2Fmedia&parent=16970"}],"wp:term":[{"taxonomy":"category","embeddable":true,"href":"https:\/\/wgphoto.pl\/t\/index.php?rest_route=%2Fwp%2Fv2%2Fcategories&post=16970"},{"taxonomy":"post_tag","embeddable":true,"href":"https:\/\/wgphoto.pl\/t\/index.php?rest_route=%2Fwp%2Fv2%2Ftags&post=16970"}],"curies":[{"name":"wp","href":"https:\/\/api.w.org\/{rel}","templated":true}]}}