{"id":16975,"date":"2025-05-13T18:59:18","date_gmt":"2025-05-13T16:59:18","guid":{"rendered":"https:\/\/wgphoto.pl\/t\/?p=16975"},"modified":"2025-05-13T18:59:18","modified_gmt":"2025-05-13T16:59:18","slug":"et22-418","status":"publish","type":"post","link":"https:\/\/wgphoto.pl\/t\/?p=16975","title":{"rendered":"ET22-418"},"content":{"rendered":"\n<figure class=\"wp-block-image aligncenter size-full\"><img loading=\"lazy\" decoding=\"async\" width=\"1200\" height=\"800\" src=\"https:\/\/wgphoto.pl\/t\/wp-content\/uploads\/2025\/05\/0819-25.jpg\" alt=\"\" class=\"wp-image-16974\" srcset=\"https:\/\/wgphoto.pl\/t\/wp-content\/uploads\/2025\/05\/0819-25.jpg 1200w, https:\/\/wgphoto.pl\/t\/wp-content\/uploads\/2025\/05\/0819-25-300x200.jpg 300w, https:\/\/wgphoto.pl\/t\/wp-content\/uploads\/2025\/05\/0819-25-768x512.jpg 768w\" sizes=\"auto, (max-width: 1200px) 100vw, 1200px\" \/><\/figure>\n\n\n\n<div class=\"wp-block-group has-global-padding is-layout-constrained wp-block-group-is-layout-constrained\">\n<p>Tytu\u0142owa maszyna mija bez zatrzymania perony stacji Rydzyna. Kadrowanie jest tu dyskusyjne (kompozycji nie trzyma, lewo i g\u00f3ra uj\u0119te bez sensu), ale kolory mi si\u0119 spodoba\u0142y, no i po latach lokomotywa te\u017c pewnie zyska zwolennik\u00f3w. \ud83d\ude09 16.10.2008<\/p>\n<\/div>\n","protected":false},"excerpt":{"rendered":"<p>Tytu\u0142owa maszyna mija bez zatrzymania perony stacji Rydzyna. Kadrowanie jest tu dyskusyjne (kompozycji nie trzyma, lewo i g\u00f3ra uj\u0119te bez sensu), ale kolory mi si\u0119 spodoba\u0142y, no i po latach lokomotywa te\u017c pewnie zyska zwolennik\u00f3w. \ud83d\ude09 16.10.2008<\/p>\n","protected":false},"author":1,"featured_media":16974,"comment_status":"open","ping_status":"","sticky":false,"template":"","format":"standard","meta":{"footnotes":""},"categories":[62,2,120],"tags":[2277,26,126,63,27,3775,190],"class_list":["post-16975","post","type-post","status-publish","format-standard","has-post-thumbnail","hentry","category-analog","category-kolej","category-rok-2008","tag-2008-10-16","tag-et22","tag-jesien","tag-pkp","tag-polska","tag-rydzyna","tag-tab-pl330"],"_links":{"self":[{"href":"https:\/\/wgphoto.pl\/t\/index.php?rest_route=\/wp\/v2\/posts\/16975","targetHints":{"allow":["GET"]}}],"collection":[{"href":"https:\/\/wgphoto.pl\/t\/index.php?rest_route=\/wp\/v2\/posts"}],"about":[{"href":"https:\/\/wgphoto.pl\/t\/index.php?rest_route=\/wp\/v2\/types\/post"}],"author":[{"embeddable":true,"href":"https:\/\/wgphoto.pl\/t\/index.php?rest_route=\/wp\/v2\/users\/1"}],"replies":[{"embeddable":true,"href":"https:\/\/wgphoto.pl\/t\/index.php?rest_route=%2Fwp%2Fv2%2Fcomments&post=16975"}],"version-history":[{"count":1,"href":"https:\/\/wgphoto.pl\/t\/index.php?rest_route=\/wp\/v2\/posts\/16975\/revisions"}],"predecessor-version":[{"id":16976,"href":"https:\/\/wgphoto.pl\/t\/index.php?rest_route=\/wp\/v2\/posts\/16975\/revisions\/16976"}],"wp:featuredmedia":[{"embeddable":true,"href":"https:\/\/wgphoto.pl\/t\/index.php?rest_route=\/wp\/v2\/media\/16974"}],"wp:attachment":[{"href":"https:\/\/wgphoto.pl\/t\/index.php?rest_route=%2Fwp%2Fv2%2Fmedia&parent=16975"}],"wp:term":[{"taxonomy":"category","embeddable":true,"href":"https:\/\/wgphoto.pl\/t\/index.php?rest_route=%2Fwp%2Fv2%2Fcategories&post=16975"},{"taxonomy":"post_tag","embeddable":true,"href":"https:\/\/wgphoto.pl\/t\/index.php?rest_route=%2Fwp%2Fv2%2Ftags&post=16975"}],"curies":[{"name":"wp","href":"https:\/\/api.w.org\/{rel}","templated":true}]}}