{"id":16977,"date":"2025-05-13T19:00:18","date_gmt":"2025-05-13T17:00:18","guid":{"rendered":"https:\/\/wgphoto.pl\/t\/?p=16977"},"modified":"2025-05-13T19:00:18","modified_gmt":"2025-05-13T17:00:18","slug":"maly-mniejszy-najmniejszy","status":"publish","type":"post","link":"https:\/\/wgphoto.pl\/t\/?p=16977","title":{"rendered":"Ma\u0142y, mniejszy, najmniejszy"},"content":{"rendered":"\n<figure class=\"wp-block-image aligncenter size-full\"><img loading=\"lazy\" decoding=\"async\" width=\"1200\" height=\"803\" src=\"https:\/\/wgphoto.pl\/t\/wp-content\/uploads\/2025\/05\/IMGP4704.jpg\" alt=\"\" class=\"wp-image-16978\" srcset=\"https:\/\/wgphoto.pl\/t\/wp-content\/uploads\/2025\/05\/IMGP4704.jpg 1200w, https:\/\/wgphoto.pl\/t\/wp-content\/uploads\/2025\/05\/IMGP4704-300x201.jpg 300w, https:\/\/wgphoto.pl\/t\/wp-content\/uploads\/2025\/05\/IMGP4704-768x514.jpg 768w\" sizes=\"auto, (max-width: 1200px) 100vw, 1200px\" \/><\/figure>\n\n\n\n<div class=\"wp-block-group has-global-padding is-layout-constrained wp-block-group-is-layout-constrained\">\n<p>Pojazd 810 026-5 obs\u0142uguj\u0105c poci\u0105g 20083 rel. Doln\u00ed Lipka &#8211; Hanu\u0161ovice przejecha\u0142 przez tunel Vlask\u00fd (158,8 m d\u0142ugo\u015bci), le\u017c\u0105cy na odcinku Podles\u00ed &#8211; Vlask\u00e9. Dwa miesi\u0105ce p\u00f3\u017aniej, wraz ze zmian\u0105 rozk\u0142adu jazdy, ruch pasa\u017cerski na tej pi\u0119knej, g\u00f3rskiej trasie zosta\u0142 zawieszony w ramach optymalizacji uk\u0142adu po\u0142\u0105cze\u0144 pasa\u017cerskich w wojew\u00f3dztwie pardubick\u00fdm relacja Kr\u00e1l\u00edky (wi\u0119ksza miejscowo\u015b\u0107, tu\u017c ko\u0142o Doln\u00ed Lipky) &#8211; Hanu\u0161ovice przypad\u0142a akurat w udziale autobusom oraz z powodu podzia\u0142u tej 20-kilometrowej linii granic\u0105 wojew\u00f3dzk\u0105. Przewozy wznowiono po 6 latach w zakresie ograniczonym do weekend\u00f3w.<br>Tytu\u0142 odnosi si\u0119 do punkt\u00f3w skupiaj\u0105cych wzrok (przynajmniej m\u00f3j) na zdj\u0119ciu: oba ko\u0144ce tunelu i poci\u0105g. 2011-10-16<\/p>\n<\/div>\n","protected":false},"excerpt":{"rendered":"<p>Pojazd 810 026-5 obs\u0142uguj\u0105c poci\u0105g 20083 rel. Doln\u00ed Lipka &#8211; Hanu\u0161ovice przejecha\u0142 przez tunel Vlask\u00fd (158,8 m d\u0142ugo\u015bci), le\u017c\u0105cy na odcinku Podles\u00ed &#8211; Vlask\u00e9. Dwa miesi\u0105ce p\u00f3\u017aniej, wraz ze zmian\u0105 rozk\u0142adu jazdy, ruch pasa\u017cerski na tej pi\u0119knej, g\u00f3rskiej trasie zosta\u0142 zawieszony w ramach optymalizacji uk\u0142adu po\u0142\u0105cze\u0144 pasa\u017cerskich w wojew\u00f3dztwie pardubick\u00fdm relacja Kr\u00e1l\u00edky (wi\u0119ksza miejscowo\u015b\u0107, tu\u017c [&hellip;]<\/p>\n","protected":false},"author":1,"featured_media":16978,"comment_status":"open","ping_status":"","sticky":false,"template":"","format":"standard","meta":{"footnotes":""},"categories":[2,77],"tags":[1730,92,50,49,173,196,3777,905,2885,15,3776],"class_list":["post-16977","post","type-post","status-publish","format-standard","has-post-thumbnail","hentry","category-kolej","category-rok-2011","tag-2011-10-16","tag-92","tag-cd","tag-czechy","tag-koncowki","tag-linie-raczej-lokalne","tag-podlesi","tag-przez","tag-tab-cz025","tag-tunel","tag-vlaske"],"_links":{"self":[{"href":"https:\/\/wgphoto.pl\/t\/index.php?rest_route=\/wp\/v2\/posts\/16977","targetHints":{"allow":["GET"]}}],"collection":[{"href":"https:\/\/wgphoto.pl\/t\/index.php?rest_route=\/wp\/v2\/posts"}],"about":[{"href":"https:\/\/wgphoto.pl\/t\/index.php?rest_route=\/wp\/v2\/types\/post"}],"author":[{"embeddable":true,"href":"https:\/\/wgphoto.pl\/t\/index.php?rest_route=\/wp\/v2\/users\/1"}],"replies":[{"embeddable":true,"href":"https:\/\/wgphoto.pl\/t\/index.php?rest_route=%2Fwp%2Fv2%2Fcomments&post=16977"}],"version-history":[{"count":1,"href":"https:\/\/wgphoto.pl\/t\/index.php?rest_route=\/wp\/v2\/posts\/16977\/revisions"}],"predecessor-version":[{"id":16979,"href":"https:\/\/wgphoto.pl\/t\/index.php?rest_route=\/wp\/v2\/posts\/16977\/revisions\/16979"}],"wp:featuredmedia":[{"embeddable":true,"href":"https:\/\/wgphoto.pl\/t\/index.php?rest_route=\/wp\/v2\/media\/16978"}],"wp:attachment":[{"href":"https:\/\/wgphoto.pl\/t\/index.php?rest_route=%2Fwp%2Fv2%2Fmedia&parent=16977"}],"wp:term":[{"taxonomy":"category","embeddable":true,"href":"https:\/\/wgphoto.pl\/t\/index.php?rest_route=%2Fwp%2Fv2%2Fcategories&post=16977"},{"taxonomy":"post_tag","embeddable":true,"href":"https:\/\/wgphoto.pl\/t\/index.php?rest_route=%2Fwp%2Fv2%2Ftags&post=16977"}],"curies":[{"name":"wp","href":"https:\/\/api.w.org\/{rel}","templated":true}]}}