{"id":16980,"date":"2025-05-13T19:02:50","date_gmt":"2025-05-13T17:02:50","guid":{"rendered":"https:\/\/wgphoto.pl\/t\/?p=16980"},"modified":"2025-12-21T20:24:59","modified_gmt":"2025-12-21T19:24:59","slug":"jeszcze-nie-do-wyboru","status":"publish","type":"post","link":"https:\/\/wgphoto.pl\/t\/?p=16980","title":{"rendered":"Jeszcze nie do wyboru"},"content":{"rendered":"\n<figure class=\"wp-block-image aligncenter size-full\"><img loading=\"lazy\" decoding=\"async\" width=\"1200\" height=\"800\" src=\"https:\/\/wgphoto.pl\/t\/wp-content\/uploads\/2025\/05\/IMGP9429.jpg\" alt=\"\" class=\"wp-image-16981\" srcset=\"https:\/\/wgphoto.pl\/t\/wp-content\/uploads\/2025\/05\/IMGP9429.jpg 1200w, https:\/\/wgphoto.pl\/t\/wp-content\/uploads\/2025\/05\/IMGP9429-300x200.jpg 300w, https:\/\/wgphoto.pl\/t\/wp-content\/uploads\/2025\/05\/IMGP9429-768x512.jpg 768w\" sizes=\"auto, (max-width: 1200px) 100vw, 1200px\" \/><\/figure>\n\n\n\n<div class=\"wp-block-group has-global-padding is-layout-constrained wp-block-group-is-layout-constrained\">\n<p>Standardowe (jak dla mnie) uj\u0119cie z p\u0119tli przy ul. Robotniczej we Wroc\u0142awiu. Kiedy\u015b pewnie wrzuc\u0119 ten kadr ze stopi\u0105tk\u0105, stodw\u00f3jk\u0105, z cyfry i analoga\u2026 co kto lubi. 12.05.2018<\/p>\n<\/div>\n","protected":false},"excerpt":{"rendered":"<p>Standardowe (jak dla mnie) uj\u0119cie z p\u0119tli przy ul. Robotniczej we Wroc\u0142awiu. Kiedy\u015b pewnie wrzuc\u0119 ten kadr ze stopi\u0105tk\u0105, stodw\u00f3jk\u0105, z cyfry i analoga\u2026 co kto lubi. 12.05.2018<\/p>\n","protected":false},"author":1,"featured_media":16981,"comment_status":"open","ping_status":"","sticky":false,"template":"","format":"standard","meta":{"footnotes":""},"categories":[156,3],"tags":[2644,91,4603,501,42,27,439,90,41],"class_list":["post-16980","post","type-post","status-publish","format-standard","has-post-thumbnail","hentry","category-rok-2018","category-tramwaj","tag-2018-05-12","tag-blue-hour","tag-mf19ac","tag-moderus-beta","tag-mpk-wroclaw","tag-polska","tag-we-fabryce","tag-wieczorem","tag-wroclaw"],"_links":{"self":[{"href":"https:\/\/wgphoto.pl\/t\/index.php?rest_route=\/wp\/v2\/posts\/16980","targetHints":{"allow":["GET"]}}],"collection":[{"href":"https:\/\/wgphoto.pl\/t\/index.php?rest_route=\/wp\/v2\/posts"}],"about":[{"href":"https:\/\/wgphoto.pl\/t\/index.php?rest_route=\/wp\/v2\/types\/post"}],"author":[{"embeddable":true,"href":"https:\/\/wgphoto.pl\/t\/index.php?rest_route=\/wp\/v2\/users\/1"}],"replies":[{"embeddable":true,"href":"https:\/\/wgphoto.pl\/t\/index.php?rest_route=%2Fwp%2Fv2%2Fcomments&post=16980"}],"version-history":[{"count":1,"href":"https:\/\/wgphoto.pl\/t\/index.php?rest_route=\/wp\/v2\/posts\/16980\/revisions"}],"predecessor-version":[{"id":16982,"href":"https:\/\/wgphoto.pl\/t\/index.php?rest_route=\/wp\/v2\/posts\/16980\/revisions\/16982"}],"wp:featuredmedia":[{"embeddable":true,"href":"https:\/\/wgphoto.pl\/t\/index.php?rest_route=\/wp\/v2\/media\/16981"}],"wp:attachment":[{"href":"https:\/\/wgphoto.pl\/t\/index.php?rest_route=%2Fwp%2Fv2%2Fmedia&parent=16980"}],"wp:term":[{"taxonomy":"category","embeddable":true,"href":"https:\/\/wgphoto.pl\/t\/index.php?rest_route=%2Fwp%2Fv2%2Fcategories&post=16980"},{"taxonomy":"post_tag","embeddable":true,"href":"https:\/\/wgphoto.pl\/t\/index.php?rest_route=%2Fwp%2Fv2%2Ftags&post=16980"}],"curies":[{"name":"wp","href":"https:\/\/api.w.org\/{rel}","templated":true}]}}