{"id":16983,"date":"2025-05-13T19:03:47","date_gmt":"2025-05-13T17:03:47","guid":{"rendered":"https:\/\/wgphoto.pl\/t\/?p=16983"},"modified":"2025-12-21T20:24:48","modified_gmt":"2025-12-21T19:24:48","slug":"wieczorem-na-robotniczej","status":"publish","type":"post","link":"https:\/\/wgphoto.pl\/t\/?p=16983","title":{"rendered":"Wieczorem na Robotniczej"},"content":{"rendered":"\n<figure class=\"wp-block-image aligncenter size-full\"><img loading=\"lazy\" decoding=\"async\" width=\"1200\" height=\"800\" src=\"https:\/\/wgphoto.pl\/t\/wp-content\/uploads\/2025\/05\/imgp9430-1.jpg\" alt=\"\" class=\"wp-image-16985\" srcset=\"https:\/\/wgphoto.pl\/t\/wp-content\/uploads\/2025\/05\/imgp9430-1.jpg 1200w, https:\/\/wgphoto.pl\/t\/wp-content\/uploads\/2025\/05\/imgp9430-1-300x200.jpg 300w, https:\/\/wgphoto.pl\/t\/wp-content\/uploads\/2025\/05\/imgp9430-1-768x512.jpg 768w\" sizes=\"auto, (max-width: 1200px) 100vw, 1200px\" \/><\/figure>\n\n\n\n<div class=\"wp-block-group has-global-padding is-layout-constrained wp-block-group-is-layout-constrained\">\n<p>A to dla odmiany niestandardowe uj\u0119cie z p\u0119tli przy ul. Robotniczej we Wroc\u0142awiu. Pewnie dziesi\u0105tki razy szuka\u0142em tam nowych uj\u0119\u0107, a jako\u015b dopiero tego wieczoru wymy\u015bli\u0142em taki kadr. Pretekstem do jego skomponowania by\u0142y kwitn\u0105ce drzewa. 12.05.2018<\/p>\n<\/div>\n","protected":false},"excerpt":{"rendered":"<p>A to dla odmiany niestandardowe uj\u0119cie z p\u0119tli przy ul. Robotniczej we Wroc\u0142awiu. Pewnie dziesi\u0105tki razy szuka\u0142em tam nowych uj\u0119\u0107, a jako\u015b dopiero tego wieczoru wymy\u015bli\u0142em taki kadr. Pretekstem do jego skomponowania by\u0142y kwitn\u0105ce drzewa. 12.05.2018<\/p>\n","protected":false},"author":1,"featured_media":16985,"comment_status":"open","ping_status":"","sticky":false,"template":"","format":"standard","meta":{"footnotes":""},"categories":[156,3],"tags":[2644,91,4603,501,42,27,439,90,41],"class_list":["post-16983","post","type-post","status-publish","format-standard","has-post-thumbnail","hentry","category-rok-2018","category-tramwaj","tag-2018-05-12","tag-blue-hour","tag-mf19ac","tag-moderus-beta","tag-mpk-wroclaw","tag-polska","tag-we-fabryce","tag-wieczorem","tag-wroclaw"],"_links":{"self":[{"href":"https:\/\/wgphoto.pl\/t\/index.php?rest_route=\/wp\/v2\/posts\/16983","targetHints":{"allow":["GET"]}}],"collection":[{"href":"https:\/\/wgphoto.pl\/t\/index.php?rest_route=\/wp\/v2\/posts"}],"about":[{"href":"https:\/\/wgphoto.pl\/t\/index.php?rest_route=\/wp\/v2\/types\/post"}],"author":[{"embeddable":true,"href":"https:\/\/wgphoto.pl\/t\/index.php?rest_route=\/wp\/v2\/users\/1"}],"replies":[{"embeddable":true,"href":"https:\/\/wgphoto.pl\/t\/index.php?rest_route=%2Fwp%2Fv2%2Fcomments&post=16983"}],"version-history":[{"count":1,"href":"https:\/\/wgphoto.pl\/t\/index.php?rest_route=\/wp\/v2\/posts\/16983\/revisions"}],"predecessor-version":[{"id":16986,"href":"https:\/\/wgphoto.pl\/t\/index.php?rest_route=\/wp\/v2\/posts\/16983\/revisions\/16986"}],"wp:featuredmedia":[{"embeddable":true,"href":"https:\/\/wgphoto.pl\/t\/index.php?rest_route=\/wp\/v2\/media\/16985"}],"wp:attachment":[{"href":"https:\/\/wgphoto.pl\/t\/index.php?rest_route=%2Fwp%2Fv2%2Fmedia&parent=16983"}],"wp:term":[{"taxonomy":"category","embeddable":true,"href":"https:\/\/wgphoto.pl\/t\/index.php?rest_route=%2Fwp%2Fv2%2Fcategories&post=16983"},{"taxonomy":"post_tag","embeddable":true,"href":"https:\/\/wgphoto.pl\/t\/index.php?rest_route=%2Fwp%2Fv2%2Ftags&post=16983"}],"curies":[{"name":"wp","href":"https:\/\/api.w.org\/{rel}","templated":true}]}}