{"id":16996,"date":"2025-05-13T19:08:19","date_gmt":"2025-05-13T17:08:19","guid":{"rendered":"https:\/\/wgphoto.pl\/t\/?p=16996"},"modified":"2025-05-13T19:08:19","modified_gmt":"2025-05-13T17:08:19","slug":"tramwajowo-kolejowy-kontrast","status":"publish","type":"post","link":"https:\/\/wgphoto.pl\/t\/?p=16996","title":{"rendered":"Tramwajowo-kolejowy kontrast"},"content":{"rendered":"\n<figure class=\"wp-block-image aligncenter size-full\"><img loading=\"lazy\" decoding=\"async\" width=\"700\" height=\"1050\" src=\"https:\/\/wgphoto.pl\/t\/wp-content\/uploads\/2025\/05\/IMGP9606.jpg\" alt=\"\" class=\"wp-image-16997\" srcset=\"https:\/\/wgphoto.pl\/t\/wp-content\/uploads\/2025\/05\/IMGP9606.jpg 700w, https:\/\/wgphoto.pl\/t\/wp-content\/uploads\/2025\/05\/IMGP9606-200x300.jpg 200w\" sizes=\"auto, (max-width: 700px) 100vw, 700px\" \/><\/figure>\n\n\n\n<div class=\"wp-block-group has-global-padding is-layout-constrained wp-block-group-is-layout-constrained\">\n<p>Jablonec n.N., ul. Libereck\u00e1. Wyje\u017cd\u017caj\u0105c z &#8222;miejskiej&#8221; cz\u0119\u015bci Jablonca nienagannie utrzymana Tatra mija ruin\u0119 budynku by\u0142ej stacji (obecnie przystanku) Jablonec nad Nisou doln\u00ed n\u00e1dra\u017e\u00ed, kt\u00f3rego dolne kondygnacje znajduj\u0105 si\u0119 poni\u017cej r\u00f3wni stacyjnej. 27.05.2018<\/p>\n<\/div>\n","protected":false},"excerpt":{"rendered":"<p>Jablonec n.N., ul. Libereck\u00e1. Wyje\u017cd\u017caj\u0105c z &#8222;miejskiej&#8221; cz\u0119\u015bci Jablonca nienagannie utrzymana Tatra mija ruin\u0119 budynku by\u0142ej stacji (obecnie przystanku) Jablonec nad Nisou doln\u00ed n\u00e1dra\u017e\u00ed, kt\u00f3rego dolne kondygnacje znajduj\u0105 si\u0119 poni\u017cej r\u00f3wni stacyjnej. 27.05.2018<\/p>\n","protected":false},"author":1,"featured_media":16997,"comment_status":"open","ping_status":"","sticky":false,"template":"","format":"standard","meta":{"footnotes":""},"categories":[128,156,3],"tags":[3370,34,49,875,876,1011,561],"class_list":["post-16996","post","type-post","status-publish","format-standard","has-post-thumbnail","hentry","category-pionowe","category-rok-2018","category-tramwaj","tag-2018-05-27","tag-architektura","tag-czechy","tag-dpmlj-liberec","tag-jablonec-nad-nisou","tag-tatra-t3","tag-tramwaj-podmiejski"],"_links":{"self":[{"href":"https:\/\/wgphoto.pl\/t\/index.php?rest_route=\/wp\/v2\/posts\/16996","targetHints":{"allow":["GET"]}}],"collection":[{"href":"https:\/\/wgphoto.pl\/t\/index.php?rest_route=\/wp\/v2\/posts"}],"about":[{"href":"https:\/\/wgphoto.pl\/t\/index.php?rest_route=\/wp\/v2\/types\/post"}],"author":[{"embeddable":true,"href":"https:\/\/wgphoto.pl\/t\/index.php?rest_route=\/wp\/v2\/users\/1"}],"replies":[{"embeddable":true,"href":"https:\/\/wgphoto.pl\/t\/index.php?rest_route=%2Fwp%2Fv2%2Fcomments&post=16996"}],"version-history":[{"count":1,"href":"https:\/\/wgphoto.pl\/t\/index.php?rest_route=\/wp\/v2\/posts\/16996\/revisions"}],"predecessor-version":[{"id":16998,"href":"https:\/\/wgphoto.pl\/t\/index.php?rest_route=\/wp\/v2\/posts\/16996\/revisions\/16998"}],"wp:featuredmedia":[{"embeddable":true,"href":"https:\/\/wgphoto.pl\/t\/index.php?rest_route=\/wp\/v2\/media\/16997"}],"wp:attachment":[{"href":"https:\/\/wgphoto.pl\/t\/index.php?rest_route=%2Fwp%2Fv2%2Fmedia&parent=16996"}],"wp:term":[{"taxonomy":"category","embeddable":true,"href":"https:\/\/wgphoto.pl\/t\/index.php?rest_route=%2Fwp%2Fv2%2Fcategories&post=16996"},{"taxonomy":"post_tag","embeddable":true,"href":"https:\/\/wgphoto.pl\/t\/index.php?rest_route=%2Fwp%2Fv2%2Ftags&post=16996"}],"curies":[{"name":"wp","href":"https:\/\/api.w.org\/{rel}","templated":true}]}}