{"id":16999,"date":"2025-05-13T19:10:06","date_gmt":"2025-05-13T17:10:06","guid":{"rendered":"https:\/\/wgphoto.pl\/t\/?p=16999"},"modified":"2025-05-13T19:10:06","modified_gmt":"2025-05-13T17:10:06","slug":"azymut-na-chelmiec","status":"publish","type":"post","link":"https:\/\/wgphoto.pl\/t\/?p=16999","title":{"rendered":"Azymut na Che\u0142miec"},"content":{"rendered":"\n<figure class=\"wp-block-image aligncenter size-full\"><img loading=\"lazy\" decoding=\"async\" width=\"1200\" height=\"795\" src=\"https:\/\/wgphoto.pl\/t\/wp-content\/uploads\/2025\/05\/IMGP9770.jpg\" alt=\"\" class=\"wp-image-17000\" srcset=\"https:\/\/wgphoto.pl\/t\/wp-content\/uploads\/2025\/05\/IMGP9770.jpg 1200w, https:\/\/wgphoto.pl\/t\/wp-content\/uploads\/2025\/05\/IMGP9770-300x199.jpg 300w, https:\/\/wgphoto.pl\/t\/wp-content\/uploads\/2025\/05\/IMGP9770-768x509.jpg 768w\" sizes=\"auto, (max-width: 1200px) 100vw, 1200px\" \/><\/figure>\n\n\n\n<div class=\"wp-block-group has-global-padding is-layout-constrained wp-block-group-is-layout-constrained\">\n<p>\u017bar\u00f3w &#8211; Jaworzyna \u015al\u0105ska. Pendolino jako EIP 1605 jad\u0105c w kierunku dolno\u015bl\u0105skich g\u00f3r chwilowo obiera azymut na Che\u0142miec. 29.06.2018<\/p>\n<\/div>\n","protected":false},"excerpt":{"rendered":"<p>\u017bar\u00f3w &#8211; Jaworzyna \u015al\u0105ska. Pendolino jako EIP 1605 jad\u0105c w kierunku dolno\u015bl\u0105skich g\u00f3r chwilowo obiera azymut na Che\u0142miec. 29.06.2018<\/p>\n","protected":false},"author":1,"featured_media":17000,"comment_status":"open","ping_status":"","sticky":false,"template":"","format":"standard","meta":{"footnotes":""},"categories":[2,156],"tags":[3778,2054,366,754,63,27,200,90,2052],"class_list":["post-16999","post","type-post","status-publish","format-standard","has-post-thumbnail","hentry","category-kolej","category-rok-2018","tag-2018-06-29","tag-ed250","tag-jaworzyna-slaska","tag-pendolino","tag-pkp","tag-polska","tag-tab-pl240","tag-wieczorem","tag-zarow"],"_links":{"self":[{"href":"https:\/\/wgphoto.pl\/t\/index.php?rest_route=\/wp\/v2\/posts\/16999","targetHints":{"allow":["GET"]}}],"collection":[{"href":"https:\/\/wgphoto.pl\/t\/index.php?rest_route=\/wp\/v2\/posts"}],"about":[{"href":"https:\/\/wgphoto.pl\/t\/index.php?rest_route=\/wp\/v2\/types\/post"}],"author":[{"embeddable":true,"href":"https:\/\/wgphoto.pl\/t\/index.php?rest_route=\/wp\/v2\/users\/1"}],"replies":[{"embeddable":true,"href":"https:\/\/wgphoto.pl\/t\/index.php?rest_route=%2Fwp%2Fv2%2Fcomments&post=16999"}],"version-history":[{"count":1,"href":"https:\/\/wgphoto.pl\/t\/index.php?rest_route=\/wp\/v2\/posts\/16999\/revisions"}],"predecessor-version":[{"id":17001,"href":"https:\/\/wgphoto.pl\/t\/index.php?rest_route=\/wp\/v2\/posts\/16999\/revisions\/17001"}],"wp:featuredmedia":[{"embeddable":true,"href":"https:\/\/wgphoto.pl\/t\/index.php?rest_route=\/wp\/v2\/media\/17000"}],"wp:attachment":[{"href":"https:\/\/wgphoto.pl\/t\/index.php?rest_route=%2Fwp%2Fv2%2Fmedia&parent=16999"}],"wp:term":[{"taxonomy":"category","embeddable":true,"href":"https:\/\/wgphoto.pl\/t\/index.php?rest_route=%2Fwp%2Fv2%2Fcategories&post=16999"},{"taxonomy":"post_tag","embeddable":true,"href":"https:\/\/wgphoto.pl\/t\/index.php?rest_route=%2Fwp%2Fv2%2Ftags&post=16999"}],"curies":[{"name":"wp","href":"https:\/\/api.w.org\/{rel}","templated":true}]}}