{"id":17002,"date":"2025-05-13T19:11:00","date_gmt":"2025-05-13T17:11:00","guid":{"rendered":"https:\/\/wgphoto.pl\/t\/?p=17002"},"modified":"2025-12-21T20:24:34","modified_gmt":"2025-12-21T19:24:34","slug":"barwy-nieco-maskujace","status":"publish","type":"post","link":"https:\/\/wgphoto.pl\/t\/?p=17002","title":{"rendered":"Barwy nieco maskuj\u0105ce"},"content":{"rendered":"\n<figure class=\"wp-block-image aligncenter size-full\"><img loading=\"lazy\" decoding=\"async\" width=\"600\" height=\"906\" src=\"https:\/\/wgphoto.pl\/t\/wp-content\/uploads\/2025\/05\/IMGP1686.jpg\" alt=\"\" class=\"wp-image-17003\" srcset=\"https:\/\/wgphoto.pl\/t\/wp-content\/uploads\/2025\/05\/IMGP1686.jpg 600w, https:\/\/wgphoto.pl\/t\/wp-content\/uploads\/2025\/05\/IMGP1686-199x300.jpg 199w\" sizes=\"auto, (max-width: 600px) 100vw, 600px\" \/><\/figure>\n\n\n\n<div class=\"wp-block-group has-global-padding is-layout-constrained wp-block-group-is-layout-constrained\">\n<p>Letnie popo\u0142udnie na p\u0119tli Park Po\u0142udniowy we Wroc\u0142awiu. 03.06.2017<\/p>\n<\/div>\n","protected":false},"excerpt":{"rendered":"<p>Letnie popo\u0142udnie na p\u0119tli Park Po\u0142udniowy we Wroc\u0142awiu. 03.06.2017<\/p>\n","protected":false},"author":1,"featured_media":17003,"comment_status":"open","ping_status":"","sticky":false,"template":"","format":"standard","meta":{"footnotes":""},"categories":[128,368,3],"tags":[3779,4603,501,42,27,439,41],"class_list":["post-17002","post","type-post","status-publish","format-standard","has-post-thumbnail","hentry","category-pionowe","category-rok-2017","category-tramwaj","tag-2017-06-03","tag-mf19ac","tag-moderus-beta","tag-mpk-wroclaw","tag-polska","tag-we-fabryce","tag-wroclaw"],"_links":{"self":[{"href":"https:\/\/wgphoto.pl\/t\/index.php?rest_route=\/wp\/v2\/posts\/17002","targetHints":{"allow":["GET"]}}],"collection":[{"href":"https:\/\/wgphoto.pl\/t\/index.php?rest_route=\/wp\/v2\/posts"}],"about":[{"href":"https:\/\/wgphoto.pl\/t\/index.php?rest_route=\/wp\/v2\/types\/post"}],"author":[{"embeddable":true,"href":"https:\/\/wgphoto.pl\/t\/index.php?rest_route=\/wp\/v2\/users\/1"}],"replies":[{"embeddable":true,"href":"https:\/\/wgphoto.pl\/t\/index.php?rest_route=%2Fwp%2Fv2%2Fcomments&post=17002"}],"version-history":[{"count":1,"href":"https:\/\/wgphoto.pl\/t\/index.php?rest_route=\/wp\/v2\/posts\/17002\/revisions"}],"predecessor-version":[{"id":17004,"href":"https:\/\/wgphoto.pl\/t\/index.php?rest_route=\/wp\/v2\/posts\/17002\/revisions\/17004"}],"wp:featuredmedia":[{"embeddable":true,"href":"https:\/\/wgphoto.pl\/t\/index.php?rest_route=\/wp\/v2\/media\/17003"}],"wp:attachment":[{"href":"https:\/\/wgphoto.pl\/t\/index.php?rest_route=%2Fwp%2Fv2%2Fmedia&parent=17002"}],"wp:term":[{"taxonomy":"category","embeddable":true,"href":"https:\/\/wgphoto.pl\/t\/index.php?rest_route=%2Fwp%2Fv2%2Fcategories&post=17002"},{"taxonomy":"post_tag","embeddable":true,"href":"https:\/\/wgphoto.pl\/t\/index.php?rest_route=%2Fwp%2Fv2%2Ftags&post=17002"}],"curies":[{"name":"wp","href":"https:\/\/api.w.org\/{rel}","templated":true}]}}