{"id":17011,"date":"2025-05-14T21:26:32","date_gmt":"2025-05-14T19:26:32","guid":{"rendered":"https:\/\/wgphoto.pl\/t\/?p=17011"},"modified":"2025-05-14T21:26:32","modified_gmt":"2025-05-14T19:26:32","slug":"754-080-0","status":"publish","type":"post","link":"https:\/\/wgphoto.pl\/t\/?p=17011","title":{"rendered":"754 080-0"},"content":{"rendered":"\n<figure class=\"wp-block-image aligncenter size-full\"><img loading=\"lazy\" decoding=\"async\" width=\"1200\" height=\"800\" src=\"https:\/\/wgphoto.pl\/t\/wp-content\/uploads\/2025\/05\/0815-25.jpg\" alt=\"\" class=\"wp-image-17012\" srcset=\"https:\/\/wgphoto.pl\/t\/wp-content\/uploads\/2025\/05\/0815-25.jpg 1200w, https:\/\/wgphoto.pl\/t\/wp-content\/uploads\/2025\/05\/0815-25-300x200.jpg 300w, https:\/\/wgphoto.pl\/t\/wp-content\/uploads\/2025\/05\/0815-25-768x512.jpg 768w\" sizes=\"auto, (max-width: 1200px) 100vw, 1200px\" \/><\/figure>\n\n\n\n<div class=\"wp-block-group has-global-padding is-layout-constrained wp-block-group-is-layout-constrained\">\n<p>Poci\u0105g osobowy 3152 z Ostravy hl.n. do Fr\u00fddlantu nad Ostravic\u00ed zatrzymuje si\u0119 w Ostravie st\u0159ed. Stacja ta, zmodernizowana i zelektryfikowana kilka lat przed wykonaniem zdj\u0119cia, jest swego rodzaju ewenementem, bo zbudowano tu szerokie lecz niskie perony. 23.09.2008<\/p>\n<\/div>\n","protected":false},"excerpt":{"rendered":"<p>Poci\u0105g osobowy 3152 z Ostravy hl.n. do Fr\u00fddlantu nad Ostravic\u00ed zatrzymuje si\u0119 w Ostravie st\u0159ed. Stacja ta, zmodernizowana i zelektryfikowana kilka lat przed wykonaniem zdj\u0119cia, jest swego rodzaju ewenementem, bo zbudowano tu szerokie lecz niskie perony. 23.09.2008<\/p>\n","protected":false},"author":1,"featured_media":17012,"comment_status":"open","ping_status":"","sticky":false,"template":"","format":"standard","meta":{"footnotes":""},"categories":[62,2,120],"tags":[1742,335,50,49,2081,897,1743],"class_list":["post-17011","post","type-post","status-publish","format-standard","has-post-thumbnail","hentry","category-analog","category-kolej","category-rok-2008","tag-2008-09-23","tag-335","tag-cd","tag-czechy","tag-ostrava-stred","tag-ostrawa","tag-tab-cz323"],"_links":{"self":[{"href":"https:\/\/wgphoto.pl\/t\/index.php?rest_route=\/wp\/v2\/posts\/17011","targetHints":{"allow":["GET"]}}],"collection":[{"href":"https:\/\/wgphoto.pl\/t\/index.php?rest_route=\/wp\/v2\/posts"}],"about":[{"href":"https:\/\/wgphoto.pl\/t\/index.php?rest_route=\/wp\/v2\/types\/post"}],"author":[{"embeddable":true,"href":"https:\/\/wgphoto.pl\/t\/index.php?rest_route=\/wp\/v2\/users\/1"}],"replies":[{"embeddable":true,"href":"https:\/\/wgphoto.pl\/t\/index.php?rest_route=%2Fwp%2Fv2%2Fcomments&post=17011"}],"version-history":[{"count":1,"href":"https:\/\/wgphoto.pl\/t\/index.php?rest_route=\/wp\/v2\/posts\/17011\/revisions"}],"predecessor-version":[{"id":17013,"href":"https:\/\/wgphoto.pl\/t\/index.php?rest_route=\/wp\/v2\/posts\/17011\/revisions\/17013"}],"wp:featuredmedia":[{"embeddable":true,"href":"https:\/\/wgphoto.pl\/t\/index.php?rest_route=\/wp\/v2\/media\/17012"}],"wp:attachment":[{"href":"https:\/\/wgphoto.pl\/t\/index.php?rest_route=%2Fwp%2Fv2%2Fmedia&parent=17011"}],"wp:term":[{"taxonomy":"category","embeddable":true,"href":"https:\/\/wgphoto.pl\/t\/index.php?rest_route=%2Fwp%2Fv2%2Fcategories&post=17011"},{"taxonomy":"post_tag","embeddable":true,"href":"https:\/\/wgphoto.pl\/t\/index.php?rest_route=%2Fwp%2Fv2%2Ftags&post=17011"}],"curies":[{"name":"wp","href":"https:\/\/api.w.org\/{rel}","templated":true}]}}