{"id":17023,"date":"2025-05-14T21:31:16","date_gmt":"2025-05-14T19:31:16","guid":{"rendered":"https:\/\/wgphoto.pl\/t\/?p=17023"},"modified":"2025-05-14T21:31:16","modified_gmt":"2025-05-14T19:31:16","slug":"kotlin-kombinowany","status":"publish","type":"post","link":"https:\/\/wgphoto.pl\/t\/?p=17023","title":{"rendered":"Kotlin kombinowany"},"content":{"rendered":"\n<figure class=\"wp-block-image aligncenter size-full\"><img loading=\"lazy\" decoding=\"async\" width=\"1200\" height=\"800\" src=\"https:\/\/wgphoto.pl\/t\/wp-content\/uploads\/2025\/05\/0820-13a.jpg\" alt=\"\" class=\"wp-image-17024\" srcset=\"https:\/\/wgphoto.pl\/t\/wp-content\/uploads\/2025\/05\/0820-13a.jpg 1200w, https:\/\/wgphoto.pl\/t\/wp-content\/uploads\/2025\/05\/0820-13a-300x200.jpg 300w, https:\/\/wgphoto.pl\/t\/wp-content\/uploads\/2025\/05\/0820-13a-768x512.jpg 768w\" sizes=\"auto, (max-width: 1200px) 100vw, 1200px\" \/><\/figure>\n\n\n\n<div class=\"wp-block-group has-global-padding is-layout-constrained wp-block-group-is-layout-constrained\">\n<p>EN57-724 jako poci\u0105g osobowy z Poznania G\u0142\u00f3wnego do \u0141odzi Kaliskiej zatrzymuje si\u0119 na stacji Kotlin. Mo\u017ce to dziwnie zabrzmi ale ch\u0119ci\u0105 takiego kombinowania &#8211; a widz\u0119 to na wielu swoich starych zdj\u0119ciach &#8211; troch\u0119 wyprzedzi\u0142em epok\u0119, bo na kliszy osi\u0105gni\u0119cie oczekiwanych efekt\u00f3w by\u0142o trudne, dopiero dobra cyfra pozwoli\u0142aby z takiego kadru wyci\u0105gn\u0105\u0107 pe\u0142ni\u0119 plastyki \u015bwiat\u0142a. 18.10.2008<\/p>\n<\/div>\n","protected":false},"excerpt":{"rendered":"<p>EN57-724 jako poci\u0105g osobowy z Poznania G\u0142\u00f3wnego do \u0141odzi Kaliskiej zatrzymuje si\u0119 na stacji Kotlin. Mo\u017ce to dziwnie zabrzmi ale ch\u0119ci\u0105 takiego kombinowania &#8211; a widz\u0119 to na wielu swoich starych zdj\u0119ciach &#8211; troch\u0119 wyprzedzi\u0142em epok\u0119, bo na kliszy osi\u0105gni\u0119cie oczekiwanych efekt\u00f3w by\u0142o trudne, dopiero dobra cyfra pozwoli\u0142aby z takiego kadru wyci\u0105gn\u0105\u0107 pe\u0142ni\u0119 plastyki \u015bwiat\u0142a. [&hellip;]<\/p>\n","protected":false},"author":1,"featured_media":17024,"comment_status":"open","ping_status":"","sticky":false,"template":"","format":"standard","meta":{"footnotes":""},"categories":[62,2,120],"tags":[3780,132,126,3782,151,24,63,27,181,2399],"class_list":["post-17023","post","type-post","status-publish","format-standard","has-post-thumbnail","hentry","category-analog","category-kolej","category-rok-2008","tag-2008-10-18","tag-en57","tag-jesien","tag-kotlin","tag-ludzie","tag-perony","tag-pkp","tag-polska","tag-slonce","tag-tab-pl320"],"_links":{"self":[{"href":"https:\/\/wgphoto.pl\/t\/index.php?rest_route=\/wp\/v2\/posts\/17023","targetHints":{"allow":["GET"]}}],"collection":[{"href":"https:\/\/wgphoto.pl\/t\/index.php?rest_route=\/wp\/v2\/posts"}],"about":[{"href":"https:\/\/wgphoto.pl\/t\/index.php?rest_route=\/wp\/v2\/types\/post"}],"author":[{"embeddable":true,"href":"https:\/\/wgphoto.pl\/t\/index.php?rest_route=\/wp\/v2\/users\/1"}],"replies":[{"embeddable":true,"href":"https:\/\/wgphoto.pl\/t\/index.php?rest_route=%2Fwp%2Fv2%2Fcomments&post=17023"}],"version-history":[{"count":1,"href":"https:\/\/wgphoto.pl\/t\/index.php?rest_route=\/wp\/v2\/posts\/17023\/revisions"}],"predecessor-version":[{"id":17025,"href":"https:\/\/wgphoto.pl\/t\/index.php?rest_route=\/wp\/v2\/posts\/17023\/revisions\/17025"}],"wp:featuredmedia":[{"embeddable":true,"href":"https:\/\/wgphoto.pl\/t\/index.php?rest_route=\/wp\/v2\/media\/17024"}],"wp:attachment":[{"href":"https:\/\/wgphoto.pl\/t\/index.php?rest_route=%2Fwp%2Fv2%2Fmedia&parent=17023"}],"wp:term":[{"taxonomy":"category","embeddable":true,"href":"https:\/\/wgphoto.pl\/t\/index.php?rest_route=%2Fwp%2Fv2%2Fcategories&post=17023"},{"taxonomy":"post_tag","embeddable":true,"href":"https:\/\/wgphoto.pl\/t\/index.php?rest_route=%2Fwp%2Fv2%2Ftags&post=17023"}],"curies":[{"name":"wp","href":"https:\/\/api.w.org\/{rel}","templated":true}]}}