{"id":17029,"date":"2025-05-14T21:34:32","date_gmt":"2025-05-14T19:34:32","guid":{"rendered":"https:\/\/wgphoto.pl\/t\/?p=17029"},"modified":"2025-05-14T21:34:32","modified_gmt":"2025-05-14T19:34:32","slug":"yes-you-can","status":"publish","type":"post","link":"https:\/\/wgphoto.pl\/t\/?p=17029","title":{"rendered":"Yes, you can!"},"content":{"rendered":"\n<figure class=\"wp-block-image aligncenter size-full\"><img loading=\"lazy\" decoding=\"async\" width=\"1200\" height=\"800\" src=\"https:\/\/wgphoto.pl\/t\/wp-content\/uploads\/2025\/05\/IMGP2383_02.jpg\" alt=\"\" class=\"wp-image-17031\" srcset=\"https:\/\/wgphoto.pl\/t\/wp-content\/uploads\/2025\/05\/IMGP2383_02.jpg 1200w, https:\/\/wgphoto.pl\/t\/wp-content\/uploads\/2025\/05\/IMGP2383_02-300x200.jpg 300w, https:\/\/wgphoto.pl\/t\/wp-content\/uploads\/2025\/05\/IMGP2383_02-768x512.jpg 768w\" sizes=\"auto, (max-width: 1200px) 100vw, 1200px\" \/><\/figure>\n\n\n\n<div class=\"wp-block-group has-global-padding is-layout-constrained wp-block-group-is-layout-constrained\">\n<p>Tytu\u0142 nawi\u0105zuje do widocznego budynku na stacyjce Bl\u00ed\u017eevedly, kt\u00f3ry niczym szczeg\u00f3lnym si\u0119 nie wyr\u00f3\u017cnia, a wr\u0119cz jest troch\u0119 zaniedbany. 5 lat p\u00f3\u017aniej, w 2018 roku, budynek ten otrzyma\u0142 tytu\u0142 Najpi\u0119kniejszego Dworca w Czechach. Uprzednio doczeka\u0142 si\u0119 remontu (cho\u0107 po jego wykonaniu, moim zdaniem, nadal nie porywa, co mo\u017cna zobaczy\u0107 np. <a href=\"http:\/\/nejnadrazi.cz\/2018\">tu<\/a>), ale to tylko potwierdza, \u017ce nawet nijako\u015b\u0107 ma szans\u0119 na swoje 5 minut. \ud83d\ude09<br><br>Samo foto to niez\u0142y fart, bo zrobi\u0142em je na szybko w czasie oczekiwania na krzy\u017cowanie, ale z racji braku czasu na poszukiwanie kadru bardziej mi wysz\u0142o zdj\u0119cie budynku ni\u017c poci\u0105gu. Nie wiedzia\u0142em za bardzo, co mam z nim zrobi\u0107, a\u017c nieoczekiwanie pojawi\u0142a si\u0119 okazja opisana wy\u017cej. Ze zdj\u0119ciem kojarzy mi si\u0119 r\u00f3wnie\u017c pogoda. Pomimo \u015bniegu mo\u017cna by\u0142o w tym przygrzewaj\u0105cym s\u0142o\u0144cu chodzi\u0107 w kr\u00f3tkim r\u0119kawku i by\u0142 to pierwszy tak ciep\u0142y dzie\u0144 tamtej wiosny &#8211; w ko\u0144cu \u015bnieg w po\u0142owie marca nie wzi\u0105\u0142 si\u0119 znik\u0105d. 16.03.2013<\/p>\n<\/div>\n","protected":false},"excerpt":{"rendered":"<p>Tytu\u0142 nawi\u0105zuje do widocznego budynku na stacyjce Bl\u00ed\u017eevedly, kt\u00f3ry niczym szczeg\u00f3lnym si\u0119 nie wyr\u00f3\u017cnia, a wr\u0119cz jest troch\u0119 zaniedbany. 5 lat p\u00f3\u017aniej, w 2018 roku, budynek ten otrzyma\u0142 tytu\u0142 Najpi\u0119kniejszego Dworca w Czechach. Uprzednio doczeka\u0142 si\u0119 remontu (cho\u0107 po jego wykonaniu, moim zdaniem, nadal nie porywa, co mo\u017cna zobaczy\u0107 np. tu), ale to tylko potwierdza, [&hellip;]<\/p>\n","protected":false},"author":1,"featured_media":17031,"comment_status":"open","ping_status":"","sticky":false,"template":"","format":"standard","meta":{"footnotes":""},"categories":[2,55],"tags":[937,92,34,3786,50,49,196,44,2839],"class_list":["post-17029","post","type-post","status-publish","format-standard","has-post-thumbnail","hentry","category-kolej","category-rok-2013","tag-2013-03-16","tag-92","tag-architektura","tag-blizevedly","tag-cd","tag-czechy","tag-linie-raczej-lokalne","tag-snieg","tag-tab-cz087"],"_links":{"self":[{"href":"https:\/\/wgphoto.pl\/t\/index.php?rest_route=\/wp\/v2\/posts\/17029","targetHints":{"allow":["GET"]}}],"collection":[{"href":"https:\/\/wgphoto.pl\/t\/index.php?rest_route=\/wp\/v2\/posts"}],"about":[{"href":"https:\/\/wgphoto.pl\/t\/index.php?rest_route=\/wp\/v2\/types\/post"}],"author":[{"embeddable":true,"href":"https:\/\/wgphoto.pl\/t\/index.php?rest_route=\/wp\/v2\/users\/1"}],"replies":[{"embeddable":true,"href":"https:\/\/wgphoto.pl\/t\/index.php?rest_route=%2Fwp%2Fv2%2Fcomments&post=17029"}],"version-history":[{"count":1,"href":"https:\/\/wgphoto.pl\/t\/index.php?rest_route=\/wp\/v2\/posts\/17029\/revisions"}],"predecessor-version":[{"id":17032,"href":"https:\/\/wgphoto.pl\/t\/index.php?rest_route=\/wp\/v2\/posts\/17029\/revisions\/17032"}],"wp:featuredmedia":[{"embeddable":true,"href":"https:\/\/wgphoto.pl\/t\/index.php?rest_route=\/wp\/v2\/media\/17031"}],"wp:attachment":[{"href":"https:\/\/wgphoto.pl\/t\/index.php?rest_route=%2Fwp%2Fv2%2Fmedia&parent=17029"}],"wp:term":[{"taxonomy":"category","embeddable":true,"href":"https:\/\/wgphoto.pl\/t\/index.php?rest_route=%2Fwp%2Fv2%2Fcategories&post=17029"},{"taxonomy":"post_tag","embeddable":true,"href":"https:\/\/wgphoto.pl\/t\/index.php?rest_route=%2Fwp%2Fv2%2Ftags&post=17029"}],"curies":[{"name":"wp","href":"https:\/\/api.w.org\/{rel}","templated":true}]}}