{"id":17033,"date":"2025-05-14T21:35:49","date_gmt":"2025-05-14T19:35:49","guid":{"rendered":"https:\/\/wgphoto.pl\/t\/?p=17033"},"modified":"2025-05-14T21:36:08","modified_gmt":"2025-05-14T19:36:08","slug":"kolory-na-sniegu","status":"publish","type":"post","link":"https:\/\/wgphoto.pl\/t\/?p=17033","title":{"rendered":"Kolory na \u015bniegu"},"content":{"rendered":"\n<figure class=\"wp-block-image aligncenter size-full\"><img loading=\"lazy\" decoding=\"async\" width=\"1200\" height=\"803\" src=\"https:\/\/wgphoto.pl\/t\/wp-content\/uploads\/2025\/05\/IMGP1680.jpg\" alt=\"\" class=\"wp-image-17034\" srcset=\"https:\/\/wgphoto.pl\/t\/wp-content\/uploads\/2025\/05\/IMGP1680.jpg 1200w, https:\/\/wgphoto.pl\/t\/wp-content\/uploads\/2025\/05\/IMGP1680-300x201.jpg 300w, https:\/\/wgphoto.pl\/t\/wp-content\/uploads\/2025\/05\/IMGP1680-768x514.jpg 768w\" sizes=\"auto, (max-width: 1200px) 100vw, 1200px\" \/><\/figure>\n\n\n\n<div class=\"wp-block-group has-global-padding is-layout-constrained wp-block-group-is-layout-constrained\">\n<p>Dwa schematy malowania lokomotyw i cztery &#8211; wagon\u00f3w. ST43-339 jedzie na popychu sk\u0142adu talbot\u00f3w PKP Cargo, prowadzonego przez SU46-023. Poci\u0105g min\u0105\u0142 w\u0142a\u015bnie przejazd przez DK12 w Nielubi. 13.02.2010<\/p>\n<\/div>\n","protected":false},"excerpt":{"rendered":"<p>Dwa schematy malowania lokomotyw i cztery &#8211; wagon\u00f3w. ST43-339 jedzie na popychu sk\u0142adu talbot\u00f3w PKP Cargo, prowadzonego przez SU46-023. Poci\u0105g min\u0105\u0142 w\u0142a\u015bnie przejazd przez DK12 w Nielubi. 13.02.2010<\/p>\n","protected":false},"author":1,"featured_media":17034,"comment_status":"open","ping_status":"","sticky":false,"template":"","format":"standard","meta":{"footnotes":""},"categories":[2,86],"tags":[318,173,3242,63,27,44,64,2458],"class_list":["post-17033","post","type-post","status-publish","format-standard","has-post-thumbnail","hentry","category-kolej","category-rok-2010","tag-2010-02-13","tag-koncowki","tag-nielubia","tag-pkp","tag-polska","tag-snieg","tag-st43","tag-tab-pl358"],"_links":{"self":[{"href":"https:\/\/wgphoto.pl\/t\/index.php?rest_route=\/wp\/v2\/posts\/17033","targetHints":{"allow":["GET"]}}],"collection":[{"href":"https:\/\/wgphoto.pl\/t\/index.php?rest_route=\/wp\/v2\/posts"}],"about":[{"href":"https:\/\/wgphoto.pl\/t\/index.php?rest_route=\/wp\/v2\/types\/post"}],"author":[{"embeddable":true,"href":"https:\/\/wgphoto.pl\/t\/index.php?rest_route=\/wp\/v2\/users\/1"}],"replies":[{"embeddable":true,"href":"https:\/\/wgphoto.pl\/t\/index.php?rest_route=%2Fwp%2Fv2%2Fcomments&post=17033"}],"version-history":[{"count":1,"href":"https:\/\/wgphoto.pl\/t\/index.php?rest_route=\/wp\/v2\/posts\/17033\/revisions"}],"predecessor-version":[{"id":17035,"href":"https:\/\/wgphoto.pl\/t\/index.php?rest_route=\/wp\/v2\/posts\/17033\/revisions\/17035"}],"wp:featuredmedia":[{"embeddable":true,"href":"https:\/\/wgphoto.pl\/t\/index.php?rest_route=\/wp\/v2\/media\/17034"}],"wp:attachment":[{"href":"https:\/\/wgphoto.pl\/t\/index.php?rest_route=%2Fwp%2Fv2%2Fmedia&parent=17033"}],"wp:term":[{"taxonomy":"category","embeddable":true,"href":"https:\/\/wgphoto.pl\/t\/index.php?rest_route=%2Fwp%2Fv2%2Fcategories&post=17033"},{"taxonomy":"post_tag","embeddable":true,"href":"https:\/\/wgphoto.pl\/t\/index.php?rest_route=%2Fwp%2Fv2%2Ftags&post=17033"}],"curies":[{"name":"wp","href":"https:\/\/api.w.org\/{rel}","templated":true}]}}