{"id":17039,"date":"2025-05-14T21:38:24","date_gmt":"2025-05-14T19:38:24","guid":{"rendered":"https:\/\/wgphoto.pl\/t\/?p=17039"},"modified":"2025-05-14T21:38:24","modified_gmt":"2025-05-14T19:38:24","slug":"sw-katarzyna","status":"publish","type":"post","link":"https:\/\/wgphoto.pl\/t\/?p=17039","title":{"rendered":"\u015aw. Katarzyna"},"content":{"rendered":"\n<figure class=\"wp-block-image aligncenter size-full\"><img loading=\"lazy\" decoding=\"async\" width=\"1050\" height=\"696\" src=\"https:\/\/wgphoto.pl\/t\/wp-content\/uploads\/2025\/05\/0617-34.jpg\" alt=\"\" class=\"wp-image-17040\" srcset=\"https:\/\/wgphoto.pl\/t\/wp-content\/uploads\/2025\/05\/0617-34.jpg 1050w, https:\/\/wgphoto.pl\/t\/wp-content\/uploads\/2025\/05\/0617-34-300x199.jpg 300w, https:\/\/wgphoto.pl\/t\/wp-content\/uploads\/2025\/05\/0617-34-768x509.jpg 768w\" sizes=\"auto, (max-width: 1050px) 100vw, 1050px\" \/><\/figure>\n\n\n\n<div class=\"wp-block-group has-global-padding is-layout-constrained wp-block-group-is-layout-constrained\">\n<p>EU07-176 prowadzi poci\u0105g osobowy 6432 z Wroc\u0142awia G\u0142. do K\u0119dzierzyna-Ko\u017ala. Dodam chyba wszystkie nadaj\u0105ce si\u0119 do publikacji zdj\u0119cia z podobnych do tego skan\u00f3w z pewnego wroc\u0142awskiego labu, po szybkim przepuszczeniu przez Lr, bo pewnie nigdy si\u0119 nie dorobi\u0119 lepszych, a nie ma sensu wi\u0119zi\u0107 ich na dysku. To akurat wygl\u0105da jeszcze nie\u017ale, ale niekt\u00f3re maj\u0105 tak podci\u0105gni\u0119ty kontrast (totalny przepa\u0142 nieba) lub s\u0105 przesadnie wyostrzone (paskudny cyfrowy szum na analogowym zdj\u0119ciu) \u017ce a\u017c \u017cal patrze\u0107. 03.08.2006<\/p>\n<\/div>\n","protected":false},"excerpt":{"rendered":"<p>EU07-176 prowadzi poci\u0105g osobowy 6432 z Wroc\u0142awia G\u0142. do K\u0119dzierzyna-Ko\u017ala. Dodam chyba wszystkie nadaj\u0105ce si\u0119 do publikacji zdj\u0119cia z podobnych do tego skan\u00f3w z pewnego wroc\u0142awskiego labu, po szybkim przepuszczeniu przez Lr, bo pewnie nigdy si\u0119 nie dorobi\u0119 lepszych, a nie ma sensu wi\u0119zi\u0107 ich na dysku. To akurat wygl\u0105da jeszcze nie\u017ale, ale niekt\u00f3re maj\u0105 [&hellip;]<\/p>\n","protected":false},"author":1,"featured_media":17040,"comment_status":"open","ping_status":"","sticky":false,"template":"","format":"standard","meta":{"footnotes":""},"categories":[62,2,130],"tags":[3788,288,122,63,27,176,1681,711],"class_list":["post-17039","post","type-post","status-publish","format-standard","has-post-thumbnail","hentry","category-analog","category-kolej","category-rok-2006","tag-2006-08-03","tag-bipa","tag-eu07","tag-pkp","tag-polska","tag-rano","tag-swieta-katarzyna","tag-tab-pl220"],"_links":{"self":[{"href":"https:\/\/wgphoto.pl\/t\/index.php?rest_route=\/wp\/v2\/posts\/17039","targetHints":{"allow":["GET"]}}],"collection":[{"href":"https:\/\/wgphoto.pl\/t\/index.php?rest_route=\/wp\/v2\/posts"}],"about":[{"href":"https:\/\/wgphoto.pl\/t\/index.php?rest_route=\/wp\/v2\/types\/post"}],"author":[{"embeddable":true,"href":"https:\/\/wgphoto.pl\/t\/index.php?rest_route=\/wp\/v2\/users\/1"}],"replies":[{"embeddable":true,"href":"https:\/\/wgphoto.pl\/t\/index.php?rest_route=%2Fwp%2Fv2%2Fcomments&post=17039"}],"version-history":[{"count":1,"href":"https:\/\/wgphoto.pl\/t\/index.php?rest_route=\/wp\/v2\/posts\/17039\/revisions"}],"predecessor-version":[{"id":17041,"href":"https:\/\/wgphoto.pl\/t\/index.php?rest_route=\/wp\/v2\/posts\/17039\/revisions\/17041"}],"wp:featuredmedia":[{"embeddable":true,"href":"https:\/\/wgphoto.pl\/t\/index.php?rest_route=\/wp\/v2\/media\/17040"}],"wp:attachment":[{"href":"https:\/\/wgphoto.pl\/t\/index.php?rest_route=%2Fwp%2Fv2%2Fmedia&parent=17039"}],"wp:term":[{"taxonomy":"category","embeddable":true,"href":"https:\/\/wgphoto.pl\/t\/index.php?rest_route=%2Fwp%2Fv2%2Fcategories&post=17039"},{"taxonomy":"post_tag","embeddable":true,"href":"https:\/\/wgphoto.pl\/t\/index.php?rest_route=%2Fwp%2Fv2%2Ftags&post=17039"}],"curies":[{"name":"wp","href":"https:\/\/api.w.org\/{rel}","templated":true}]}}