{"id":17045,"date":"2025-05-14T21:45:03","date_gmt":"2025-05-14T19:45:03","guid":{"rendered":"https:\/\/wgphoto.pl\/t\/?p=17045"},"modified":"2025-05-14T21:45:03","modified_gmt":"2025-05-14T19:45:03","slug":"su45-106-biernatowo","status":"publish","type":"post","link":"https:\/\/wgphoto.pl\/t\/?p=17045","title":{"rendered":"SU45-106, Biernatowo"},"content":{"rendered":"\n<figure class=\"wp-block-image aligncenter size-full\"><img loading=\"lazy\" decoding=\"async\" width=\"1050\" height=\"696\" src=\"https:\/\/wgphoto.pl\/t\/wp-content\/uploads\/2025\/05\/0616-33.jpg\" alt=\"\" class=\"wp-image-17046\" srcset=\"https:\/\/wgphoto.pl\/t\/wp-content\/uploads\/2025\/05\/0616-33.jpg 1050w, https:\/\/wgphoto.pl\/t\/wp-content\/uploads\/2025\/05\/0616-33-300x199.jpg 300w, https:\/\/wgphoto.pl\/t\/wp-content\/uploads\/2025\/05\/0616-33-768x509.jpg 768w\" sizes=\"auto, (max-width: 1050px) 100vw, 1050px\" \/><\/figure>\n\n\n\n<div class=\"wp-block-group has-global-padding is-layout-constrained wp-block-group-is-layout-constrained\">\n<p>SU45-106 prowadzi poci\u0105g osobowy 33425 relacji Pi\u0142a &#8211; Krzy\u017c. Biernatowo, 27.07.2006<\/p>\n<\/div>\n","protected":false},"excerpt":{"rendered":"<p>SU45-106 prowadzi poci\u0105g osobowy 33425 relacji Pi\u0142a &#8211; Krzy\u017c. Biernatowo, 27.07.2006<\/p>\n","protected":false},"author":1,"featured_media":17046,"comment_status":"open","ping_status":"","sticky":false,"template":"","format":"standard","meta":{"footnotes":""},"categories":[62,2,130],"tags":[3175,3349,595,63,27,290,594],"class_list":["post-17045","post","type-post","status-publish","format-standard","has-post-thumbnail","hentry","category-analog","category-kolej","category-rok-2006","tag-2006-07-27","tag-biernatowo","tag-ostbahn","tag-pkp","tag-polska","tag-su45","tag-tab-pl345"],"_links":{"self":[{"href":"https:\/\/wgphoto.pl\/t\/index.php?rest_route=\/wp\/v2\/posts\/17045","targetHints":{"allow":["GET"]}}],"collection":[{"href":"https:\/\/wgphoto.pl\/t\/index.php?rest_route=\/wp\/v2\/posts"}],"about":[{"href":"https:\/\/wgphoto.pl\/t\/index.php?rest_route=\/wp\/v2\/types\/post"}],"author":[{"embeddable":true,"href":"https:\/\/wgphoto.pl\/t\/index.php?rest_route=\/wp\/v2\/users\/1"}],"replies":[{"embeddable":true,"href":"https:\/\/wgphoto.pl\/t\/index.php?rest_route=%2Fwp%2Fv2%2Fcomments&post=17045"}],"version-history":[{"count":1,"href":"https:\/\/wgphoto.pl\/t\/index.php?rest_route=\/wp\/v2\/posts\/17045\/revisions"}],"predecessor-version":[{"id":17047,"href":"https:\/\/wgphoto.pl\/t\/index.php?rest_route=\/wp\/v2\/posts\/17045\/revisions\/17047"}],"wp:featuredmedia":[{"embeddable":true,"href":"https:\/\/wgphoto.pl\/t\/index.php?rest_route=\/wp\/v2\/media\/17046"}],"wp:attachment":[{"href":"https:\/\/wgphoto.pl\/t\/index.php?rest_route=%2Fwp%2Fv2%2Fmedia&parent=17045"}],"wp:term":[{"taxonomy":"category","embeddable":true,"href":"https:\/\/wgphoto.pl\/t\/index.php?rest_route=%2Fwp%2Fv2%2Fcategories&post=17045"},{"taxonomy":"post_tag","embeddable":true,"href":"https:\/\/wgphoto.pl\/t\/index.php?rest_route=%2Fwp%2Fv2%2Ftags&post=17045"}],"curies":[{"name":"wp","href":"https:\/\/api.w.org\/{rel}","templated":true}]}}