{"id":17048,"date":"2025-05-14T21:46:02","date_gmt":"2025-05-14T19:46:02","guid":{"rendered":"https:\/\/wgphoto.pl\/t\/?p=17048"},"modified":"2025-05-14T21:46:02","modified_gmt":"2025-05-14T19:46:02","slug":"12-objazdem","status":"publish","type":"post","link":"https:\/\/wgphoto.pl\/t\/?p=17048","title":{"rendered":"12 objazdem"},"content":{"rendered":"\n<figure class=\"wp-block-image aligncenter size-full\"><img loading=\"lazy\" decoding=\"async\" width=\"675\" height=\"900\" src=\"https:\/\/wgphoto.pl\/t\/wp-content\/uploads\/2025\/05\/0721-17.jpg\" alt=\"\" class=\"wp-image-17049\" srcset=\"https:\/\/wgphoto.pl\/t\/wp-content\/uploads\/2025\/05\/0721-17.jpg 675w, https:\/\/wgphoto.pl\/t\/wp-content\/uploads\/2025\/05\/0721-17-225x300.jpg 225w\" sizes=\"auto, (max-width: 675px) 100vw, 675px\" \/><\/figure>\n\n\n\n<div class=\"wp-block-group has-global-padding is-layout-constrained wp-block-group-is-layout-constrained\">\n<p>Wroc\u0142aw, ul. \u015awidnicka. 105Na 2404+2403 zmierza w kierunku Opery jad\u0105c trudnym do odgadni\u0119cia objazdem. Je\u017celi znalaz\u0142 si\u0119 w tym miejscu jad\u0105c z Pilczyc do Parku P\u0142d., musia\u0142 jecha\u0107 przez pl. Orl\u0105t Lwowskich i Podwale, a dalej zapewne przez Teatraln\u0105 i Ko\u0142\u0142\u0105taja do dworca. A te zbyt w\u0105sko umieszczone \u015bwiat\u0142a dosta\u0142 w ramach naprawy powypadkowej po jakim\u015b dzwonie i po pewnym czasie na szcz\u0119\u015bcie je poprawiono. 16.08.2007<\/p>\n<\/div>\n","protected":false},"excerpt":{"rendered":"<p>Wroc\u0142aw, ul. \u015awidnicka. 105Na 2404+2403 zmierza w kierunku Opery jad\u0105c trudnym do odgadni\u0119cia objazdem. Je\u017celi znalaz\u0142 si\u0119 w tym miejscu jad\u0105c z Pilczyc do Parku P\u0142d., musia\u0142 jecha\u0107 przez pl. Orl\u0105t Lwowskich i Podwale, a dalej zapewne przez Teatraln\u0105 i Ko\u0142\u0142\u0105taja do dworca. A te zbyt w\u0105sko umieszczone \u015bwiat\u0142a dosta\u0142 w ramach naprawy powypadkowej po [&hellip;]<\/p>\n","protected":false},"author":1,"featured_media":17049,"comment_status":"open","ping_status":"","sticky":false,"template":"","format":"standard","meta":{"footnotes":""},"categories":[62,128,96,3],"tags":[155,3791,34,42,27,41],"class_list":["post-17048","post","type-post","status-publish","format-standard","has-post-thumbnail","hentry","category-analog","category-pionowe","category-rok-2007","category-tramwaj","tag-105na","tag-2007-08-16","tag-architektura","tag-mpk-wroclaw","tag-polska","tag-wroclaw"],"_links":{"self":[{"href":"https:\/\/wgphoto.pl\/t\/index.php?rest_route=\/wp\/v2\/posts\/17048","targetHints":{"allow":["GET"]}}],"collection":[{"href":"https:\/\/wgphoto.pl\/t\/index.php?rest_route=\/wp\/v2\/posts"}],"about":[{"href":"https:\/\/wgphoto.pl\/t\/index.php?rest_route=\/wp\/v2\/types\/post"}],"author":[{"embeddable":true,"href":"https:\/\/wgphoto.pl\/t\/index.php?rest_route=\/wp\/v2\/users\/1"}],"replies":[{"embeddable":true,"href":"https:\/\/wgphoto.pl\/t\/index.php?rest_route=%2Fwp%2Fv2%2Fcomments&post=17048"}],"version-history":[{"count":1,"href":"https:\/\/wgphoto.pl\/t\/index.php?rest_route=\/wp\/v2\/posts\/17048\/revisions"}],"predecessor-version":[{"id":17050,"href":"https:\/\/wgphoto.pl\/t\/index.php?rest_route=\/wp\/v2\/posts\/17048\/revisions\/17050"}],"wp:featuredmedia":[{"embeddable":true,"href":"https:\/\/wgphoto.pl\/t\/index.php?rest_route=\/wp\/v2\/media\/17049"}],"wp:attachment":[{"href":"https:\/\/wgphoto.pl\/t\/index.php?rest_route=%2Fwp%2Fv2%2Fmedia&parent=17048"}],"wp:term":[{"taxonomy":"category","embeddable":true,"href":"https:\/\/wgphoto.pl\/t\/index.php?rest_route=%2Fwp%2Fv2%2Fcategories&post=17048"},{"taxonomy":"post_tag","embeddable":true,"href":"https:\/\/wgphoto.pl\/t\/index.php?rest_route=%2Fwp%2Fv2%2Ftags&post=17048"}],"curies":[{"name":"wp","href":"https:\/\/api.w.org\/{rel}","templated":true}]}}