{"id":17051,"date":"2025-05-14T21:47:18","date_gmt":"2025-05-14T19:47:18","guid":{"rendered":"https:\/\/wgphoto.pl\/t\/?p=17051"},"modified":"2025-05-14T21:47:18","modified_gmt":"2025-05-14T19:47:18","slug":"et22-992-witkow-sl-sedzislaw","status":"publish","type":"post","link":"https:\/\/wgphoto.pl\/t\/?p=17051","title":{"rendered":"ET22-992, Witk\u00f3w \u015al. &#8211; S\u0119dzis\u0142aw"},"content":{"rendered":"\n<figure class=\"wp-block-image aligncenter size-full\"><img loading=\"lazy\" decoding=\"async\" width=\"1050\" height=\"700\" src=\"https:\/\/wgphoto.pl\/t\/wp-content\/uploads\/2025\/05\/0620-14.jpg\" alt=\"\" class=\"wp-image-17052\" srcset=\"https:\/\/wgphoto.pl\/t\/wp-content\/uploads\/2025\/05\/0620-14.jpg 1050w, https:\/\/wgphoto.pl\/t\/wp-content\/uploads\/2025\/05\/0620-14-300x200.jpg 300w, https:\/\/wgphoto.pl\/t\/wp-content\/uploads\/2025\/05\/0620-14-768x512.jpg 768w\" sizes=\"auto, (max-width: 1050px) 100vw, 1050px\" \/><\/figure>\n\n\n\n<div class=\"wp-block-group has-global-padding is-layout-constrained wp-block-group-is-layout-constrained\">\n<p>ET22-992 z poci\u0105giem 16121 &#8222;Sudety&#8221; z Warszawy Wsch. do Jeleniej G\u00f3ry (od Wroc\u0142awia jako osobowy) mija ko\u015bci\u00f3\u0142 w Jaczkowie. 19.08.2006<\/p>\n<\/div>\n","protected":false},"excerpt":{"rendered":"<p>ET22-992 z poci\u0105giem 16121 &#8222;Sudety&#8221; z Warszawy Wsch. do Jeleniej G\u00f3ry (od Wroc\u0142awia jako osobowy) mija ko\u015bci\u00f3\u0142 w Jaczkowie. 19.08.2006<\/p>\n","protected":false},"author":1,"featured_media":17052,"comment_status":"open","ping_status":"","sticky":false,"template":"","format":"standard","meta":{"footnotes":""},"categories":[62,2,130],"tags":[1434,26,63,27,1061,200,1433],"class_list":["post-17051","post","type-post","status-publish","format-standard","has-post-thumbnail","hentry","category-analog","category-kolej","category-rok-2006","tag-2006-08-19","tag-et22","tag-pkp","tag-polska","tag-sedzislaw","tag-tab-pl240","tag-witkow-slaski"],"_links":{"self":[{"href":"https:\/\/wgphoto.pl\/t\/index.php?rest_route=\/wp\/v2\/posts\/17051","targetHints":{"allow":["GET"]}}],"collection":[{"href":"https:\/\/wgphoto.pl\/t\/index.php?rest_route=\/wp\/v2\/posts"}],"about":[{"href":"https:\/\/wgphoto.pl\/t\/index.php?rest_route=\/wp\/v2\/types\/post"}],"author":[{"embeddable":true,"href":"https:\/\/wgphoto.pl\/t\/index.php?rest_route=\/wp\/v2\/users\/1"}],"replies":[{"embeddable":true,"href":"https:\/\/wgphoto.pl\/t\/index.php?rest_route=%2Fwp%2Fv2%2Fcomments&post=17051"}],"version-history":[{"count":1,"href":"https:\/\/wgphoto.pl\/t\/index.php?rest_route=\/wp\/v2\/posts\/17051\/revisions"}],"predecessor-version":[{"id":17053,"href":"https:\/\/wgphoto.pl\/t\/index.php?rest_route=\/wp\/v2\/posts\/17051\/revisions\/17053"}],"wp:featuredmedia":[{"embeddable":true,"href":"https:\/\/wgphoto.pl\/t\/index.php?rest_route=\/wp\/v2\/media\/17052"}],"wp:attachment":[{"href":"https:\/\/wgphoto.pl\/t\/index.php?rest_route=%2Fwp%2Fv2%2Fmedia&parent=17051"}],"wp:term":[{"taxonomy":"category","embeddable":true,"href":"https:\/\/wgphoto.pl\/t\/index.php?rest_route=%2Fwp%2Fv2%2Fcategories&post=17051"},{"taxonomy":"post_tag","embeddable":true,"href":"https:\/\/wgphoto.pl\/t\/index.php?rest_route=%2Fwp%2Fv2%2Ftags&post=17051"}],"curies":[{"name":"wp","href":"https:\/\/api.w.org\/{rel}","templated":true}]}}