{"id":17066,"date":"2025-05-14T21:52:24","date_gmt":"2025-05-14T19:52:24","guid":{"rendered":"https:\/\/wgphoto.pl\/t\/?p=17066"},"modified":"2025-05-14T21:52:24","modified_gmt":"2025-05-14T19:52:24","slug":"su46-011-zary","status":"publish","type":"post","link":"https:\/\/wgphoto.pl\/t\/?p=17066","title":{"rendered":"SU46-011, \u017bary"},"content":{"rendered":"\n<figure class=\"wp-block-image aligncenter size-full\"><img loading=\"lazy\" decoding=\"async\" width=\"1050\" height=\"700\" src=\"https:\/\/wgphoto.pl\/t\/wp-content\/uploads\/2025\/05\/0616-18.jpg\" alt=\"\" class=\"wp-image-17067\" srcset=\"https:\/\/wgphoto.pl\/t\/wp-content\/uploads\/2025\/05\/0616-18.jpg 1050w, https:\/\/wgphoto.pl\/t\/wp-content\/uploads\/2025\/05\/0616-18-300x200.jpg 300w, https:\/\/wgphoto.pl\/t\/wp-content\/uploads\/2025\/05\/0616-18-768x512.jpg 768w\" sizes=\"auto, (max-width: 1050px) 100vw, 1050px\" \/><\/figure>\n\n\n\n<div class=\"wp-block-group has-global-padding is-layout-constrained wp-block-group-is-layout-constrained\">\n<p>SU46-011 z IC 241\/73000 &#8222;Wawel&#8221; relacji Hamburg Altona &#8211; Krak\u00f3w G\u0142\u00f3wny kieruje si\u0119 na wsch\u00f3d. Druga czerwona suka, widoczna w g\u0142\u0119bi, pojedzie z poci\u0105giem osobowym do Legnicy. 25.07.2006<\/p>\n<\/div>\n","protected":false},"excerpt":{"rendered":"<p>SU46-011 z IC 241\/73000 &#8222;Wawel&#8221; relacji Hamburg Altona &#8211; Krak\u00f3w G\u0142\u00f3wny kieruje si\u0119 na wsch\u00f3d. Druga czerwona suka, widoczna w g\u0142\u0119bi, pojedzie z poci\u0105giem osobowym do Legnicy. 25.07.2006<\/p>\n","protected":false},"author":1,"featured_media":17067,"comment_status":"open","ping_status":"","sticky":false,"template":"","format":"standard","meta":{"footnotes":""},"categories":[62,2,130],"tags":[3795,63,27,84,53,356,317],"class_list":["post-17066","post","type-post","status-publish","format-standard","has-post-thumbnail","hentry","category-analog","category-kolej","category-rok-2006","tag-2006-07-25","tag-pkp","tag-polska","tag-su46","tag-sygnalizacja-ksztaltowa","tag-tab-pl270","tag-zary"],"_links":{"self":[{"href":"https:\/\/wgphoto.pl\/t\/index.php?rest_route=\/wp\/v2\/posts\/17066","targetHints":{"allow":["GET"]}}],"collection":[{"href":"https:\/\/wgphoto.pl\/t\/index.php?rest_route=\/wp\/v2\/posts"}],"about":[{"href":"https:\/\/wgphoto.pl\/t\/index.php?rest_route=\/wp\/v2\/types\/post"}],"author":[{"embeddable":true,"href":"https:\/\/wgphoto.pl\/t\/index.php?rest_route=\/wp\/v2\/users\/1"}],"replies":[{"embeddable":true,"href":"https:\/\/wgphoto.pl\/t\/index.php?rest_route=%2Fwp%2Fv2%2Fcomments&post=17066"}],"version-history":[{"count":1,"href":"https:\/\/wgphoto.pl\/t\/index.php?rest_route=\/wp\/v2\/posts\/17066\/revisions"}],"predecessor-version":[{"id":17068,"href":"https:\/\/wgphoto.pl\/t\/index.php?rest_route=\/wp\/v2\/posts\/17066\/revisions\/17068"}],"wp:featuredmedia":[{"embeddable":true,"href":"https:\/\/wgphoto.pl\/t\/index.php?rest_route=\/wp\/v2\/media\/17067"}],"wp:attachment":[{"href":"https:\/\/wgphoto.pl\/t\/index.php?rest_route=%2Fwp%2Fv2%2Fmedia&parent=17066"}],"wp:term":[{"taxonomy":"category","embeddable":true,"href":"https:\/\/wgphoto.pl\/t\/index.php?rest_route=%2Fwp%2Fv2%2Fcategories&post=17066"},{"taxonomy":"post_tag","embeddable":true,"href":"https:\/\/wgphoto.pl\/t\/index.php?rest_route=%2Fwp%2Fv2%2Ftags&post=17066"}],"curies":[{"name":"wp","href":"https:\/\/api.w.org\/{rel}","templated":true}]}}